{"id":371672,"date":"2025-09-06T22:55:19","date_gmt":"2025-09-06T22:55:19","guid":{"rendered":"https:\/\/www.europesays.com\/fr\/371672\/"},"modified":"2025-09-06T22:55:19","modified_gmt":"2025-09-06T22:55:19","slug":"top-depart-des-biennales-de-la-danse-a-lyon","status":"publish","type":"post","link":"https:\/\/www.europesays.com\/fr\/371672\/","title":{"rendered":"Top d\u00e9part des Biennales de la danse \u00e0 Lyon"},"content":{"rendered":"<p>Tonic Radio, est une station radio dirig\u00e9e par Laurent CHABBAT et Charles COUTY dont le si\u00e8ge est \u00e0 Lyon. Elle diffuse \u00e0 Lyon 98.4 FM, \u00e0 Villefranche-sur-Sa\u00f4ne 94.7 FM, \u00e0 Bourgoin-Jallieu 97.8 FM, \u00e0 Vienne 95.1 FM, \u00e0 Chalon-sur-Sa\u00f4ne 91.1 FM. Tonic Radio est \u00e9galement accessible en DAB+ \u00e0 Lyon et sa r\u00e9gion, \u00e0 Saint-Etienne, \u00e0 Grenoble, \u00e0 Avignon et \u00e0 Marseille. Retrouvez \u00e9galement le son Hit et Pop Music sur tonicradio.fr et l\u2019application Tonic Radio\u00a0\u00bb<\/p>\n","protected":false},"excerpt":{"rendered":"Tonic Radio, est une station radio dirig\u00e9e par Laurent CHABBAT et Charles COUTY dont le si\u00e8ge est \u00e0&hellip;\n","protected":false},"author":2,"featured_media":371673,"comment_status":"","ping_status":"","sticky":false,"template":"","format":"standard","meta":{"footnotes":""},"categories":[1889],"tags":[1111,11,2430,1777,674,1011,27,2428,12,25],"class_list":{"0":"post-371672","1":"post","2":"type-post","3":"status-publish","4":"format-standard","5":"has-post-thumbnail","7":"category-lyon","8":"tag-actu","9":"tag-actualites","10":"tag-auvergne-rhone-alpes","11":"tag-eu","12":"tag-europe","13":"tag-fr","14":"tag-france","15":"tag-lyon","16":"tag-news","17":"tag-republique-francaise"},"share_on_mastodon":{"url":"https:\/\/pubeurope.com\/@fr\/115159821541771553","error":""},"_links":{"self":[{"href":"https:\/\/www.europesays.com\/fr\/wp-json\/wp\/v2\/posts\/371672","targetHints":{"allow":["GET"]}}],"collection":[{"href":"https:\/\/www.europesays.com\/fr\/wp-json\/wp\/v2\/posts"}],"about":[{"href":"https:\/\/www.europesays.com\/fr\/wp-json\/wp\/v2\/types\/post"}],"author":[{"embeddable":true,"href":"https:\/\/www.europesays.com\/fr\/wp-json\/wp\/v2\/users\/2"}],"replies":[{"embeddable":true,"href":"https:\/\/www.europesays.com\/fr\/wp-json\/wp\/v2\/comments?post=371672"}],"version-history":[{"count":0,"href":"https:\/\/www.europesays.com\/fr\/wp-json\/wp\/v2\/posts\/371672\/revisions"}],"wp:featuredmedia":[{"embeddable":true,"href":"https:\/\/www.europesays.com\/fr\/wp-json\/wp\/v2\/media\/371673"}],"wp:attachment":[{"href":"https:\/\/www.europesays.com\/fr\/wp-json\/wp\/v2\/media?parent=371672"}],"wp:term":[{"taxonomy":"category","embeddable":true,"href":"https:\/\/www.europesays.com\/fr\/wp-json\/wp\/v2\/categories?post=371672"},{"taxonomy":"post_tag","embeddable":true,"href":"https:\/\/www.europesays.com\/fr\/wp-json\/wp\/v2\/tags?post=371672"}],"curies":[{"name":"wp","href":"https:\/\/api.w.org\/{rel}","templated":true}]}}