{"id":371674,"date":"2025-09-06T22:56:13","date_gmt":"2025-09-06T22:56:13","guid":{"rendered":"https:\/\/www.europesays.com\/fr\/371674\/"},"modified":"2025-09-06T22:56:13","modified_gmt":"2025-09-06T22:56:13","slug":"victorieuse-face-a-lyon-la-duchere-la-reserve-peut-remercier-van-neck","status":"publish","type":"post","link":"https:\/\/www.europesays.com\/fr\/371674\/","title":{"rendered":"victorieuse face \u00e0 Lyon-La Duch\u00e8re, la r\u00e9serve peut remercier Van Neck"},"content":{"rendered":"<p>Apr\u00e8s un d\u00e9but de saison bien loin des attentes du point de vue des r\u00e9sultats (une d\u00e9faite contre Al\u00e8s et un nul \u00e0 Beaucaire), la r\u00e9serve de l\u2019OM a retrouv\u00e9 le sourire en s\u2019imposant face \u00e0 Lyon-La Duch\u00e8re (1-0), ce samedi soir sur<a href=\"https:\/\/www.laprovence.com\/article\/om\/55170020932094\/om-meme-les-joueurs-ne-sont-pas-contents-devoluer-a-trets-les-supporters-deplorent-le-choix-du-club\" target=\"_blank\" rel=\"nofollow noopener\"> la pelouse (en mauvais \u00e9tat) de Trets<\/a>. \u00ab\u00a0Elle fait du bien, il a fallu aller la chercher jusqu\u2019au bout, souffle l\u2019entra\u00eeneur olympien Romain Ferrier. Les gar\u00e7ons bossent bien donc c\u2019\u00e9tait important d\u2019enclencher une dynamique. On est content du r\u00e9sultat mais le contenu est \u00e9galement int\u00e9ressant. On a fait une bonne premi\u00e8re mi-temps, o\u00f9 on doit &lsquo;tuer&rsquo; un peu plus. On se fait aussi des frayeurs sur des erreurs de jeunesse.\u00a0\u00bb<\/p>\n<p>Certaines absences d\u00e9fensives, notamment de la part des recrues <a href=\"https:\/\/www.laprovence.com\/article\/om\/2102862680622514\/om-le-club-officialise-une-nouvelle-recrue-en-provenance-de-montpellier\" target=\"_blank\" rel=\"nofollow noopener\">Pladi N\u2019Zinga Pambani<\/a>, Fod\u00e9 Camara et F\u00e9lix Bienck, ont provoqu\u00e9 la col\u00e8re des dirigeants olympiens en tribune et auraient pu co\u00fbter cher si les attaquants lyonnais s\u2019\u00e9taient montr\u00e9s plus r\u00e9alistes (8, 17, 22, 39). Les Rhodaniens ont \u00e9galement eu le malheur de tomber sur un Jelle Van Neck imp\u00e9rial. Vigilant en premi\u00e8re p\u00e9riode, le gardien belge a notamment r\u00e9alis\u00e9 deux arr\u00eats apr\u00e8s la pause (une d\u00e9viation sur son poteau, 73\u00a0; un arr\u00eat de la t\u00eate, 81) qui ont permis de conserve&#8230;<\/p>\n","protected":false},"excerpt":{"rendered":"Apr\u00e8s un d\u00e9but de saison bien loin des attentes du point de vue des r\u00e9sultats (une d\u00e9faite contre&hellip;\n","protected":false},"author":2,"featured_media":371675,"comment_status":"","ping_status":"","sticky":false,"template":"","format":"standard","meta":{"footnotes":""},"categories":[1889],"tags":[17,1111,11,2430,35484,1777,674,2823,1011,27,2428,50575,12,149,5055,25,18357,50574],"class_list":{"0":"post-371674","1":"post","2":"type-post","3":"status-publish","4":"format-standard","5":"has-post-thumbnail","7":"category-lyon","8":"tag-17","9":"tag-actu","10":"tag-actualites","11":"tag-auvergne-rhone-alpes","12":"tag-duchere","13":"tag-eu","14":"tag-europe","15":"tag-face","16":"tag-fr","17":"tag-france","18":"tag-lyon","19":"tag-lyon-la","20":"tag-news","21":"tag-om","22":"tag-peut","23":"tag-republique-francaise","24":"tag-reserve","25":"tag-victorieuse"},"share_on_mastodon":{"url":"https:\/\/pubeurope.com\/@fr\/115159825321685781","error":""},"_links":{"self":[{"href":"https:\/\/www.europesays.com\/fr\/wp-json\/wp\/v2\/posts\/371674","targetHints":{"allow":["GET"]}}],"collection":[{"href":"https:\/\/www.europesays.com\/fr\/wp-json\/wp\/v2\/posts"}],"about":[{"href":"https:\/\/www.europesays.com\/fr\/wp-json\/wp\/v2\/types\/post"}],"author":[{"embeddable":true,"href":"https:\/\/www.europesays.com\/fr\/wp-json\/wp\/v2\/users\/2"}],"replies":[{"embeddable":true,"href":"https:\/\/www.europesays.com\/fr\/wp-json\/wp\/v2\/comments?post=371674"}],"version-history":[{"count":0,"href":"https:\/\/www.europesays.com\/fr\/wp-json\/wp\/v2\/posts\/371674\/revisions"}],"wp:featuredmedia":[{"embeddable":true,"href":"https:\/\/www.europesays.com\/fr\/wp-json\/wp\/v2\/media\/371675"}],"wp:attachment":[{"href":"https:\/\/www.europesays.com\/fr\/wp-json\/wp\/v2\/media?parent=371674"}],"wp:term":[{"taxonomy":"category","embeddable":true,"href":"https:\/\/www.europesays.com\/fr\/wp-json\/wp\/v2\/categories?post=371674"},{"taxonomy":"post_tag","embeddable":true,"href":"https:\/\/www.europesays.com\/fr\/wp-json\/wp\/v2\/tags?post=371674"}],"curies":[{"name":"wp","href":"https:\/\/api.w.org\/{rel}","templated":true}]}}