{"id":371678,"date":"2025-09-06T22:59:11","date_gmt":"2025-09-06T22:59:11","guid":{"rendered":"https:\/\/www.europesays.com\/fr\/371678\/"},"modified":"2025-09-06T22:59:11","modified_gmt":"2025-09-06T22:59:11","slug":"mma-ufc-paris-4-en-furie-benoit-saint-denis-ne-laisse-aucune-chance-a-ruffy-et-enflamme-laccor-arena","status":"publish","type":"post","link":"https:\/\/www.europesays.com\/fr\/371678\/","title":{"rendered":"MMA, UFC Paris 4\u00a0: en furie, Beno\u00eet Saint\u00a0Denis ne laisse aucune chance \u00e0 Ruffy et enflamme l\u2019Accor Arena"},"content":{"rendered":"<p class=\"paragraph text_align_left lp-f-body-02\">Durant la semaine, il \u00e9tait apparu aff\u00fbt\u00e9 comme rarement, le regard noir, les muscles saillants. Un an apr\u00e8s<a href=\"https:\/\/www.leparisien.fr\/sports\/mma\/ufc-paris-3-visage-tumefie-oeil-ferme-benoit-saint-denis-battu-par-arret-de-larbitre-au-deuxieme-round-29-09-2024-JLKJOCKATBCV7DLJL5DCV5FUKY.php\" target=\"_blank\" rel=\"noreferrer noopener\"> sa lourde d\u00e9faite face \u00e0 Renato Moicano<\/a>, d\u00e9j\u00e0 \u00e0 l\u2019Accor Arena, <a href=\"https:\/\/www.leparisien.fr\/sports\/mma\/benoit-saint-denis\/\" target=\"_blank\" rel=\"noreferrer noopener\">Beno\u00eet Saint Denis<\/a> a prouv\u00e9 qu\u2019il n\u2019est pas au sommet de la hi\u00e9rarchie mondiale pour rien. Et que l\u2019arr\u00eat de l\u2019arbitre caus\u00e9 par son visage tum\u00e9fi\u00e9 n\u2019\u00e9tait qu\u2019un lointain souvenir.<\/p>\n<p class=\"paragraph text_align_left lp-f-body-02\">L\u2019UFC ne lui avait toutefois pas fait de cadeau en mettant sur sa route Mauricio Ruffy, membre de <a href=\"https:\/\/www.leparisien.fr\/sports\/mma\/je-botte-des-culs-devant-le-monde-entier-caio-borralho-lancien-geek-harcele-devenu-combattant-de-mma-06-09-2025-WBTVBKTNPJHZ3NF3WIM2CXUNN4.php\" target=\"_blank\" rel=\"noreferrer noopener\">la terrible \u00e9quipe des Fighting Nerds<\/a>. Grand talent de la cat\u00e9gorie (-70 kg), le Br\u00e9silien a de la foudre dans les poings, et le Fran\u00e7ais l\u2019a bien compris.<\/p>\n<p class=\"paragraph text_align_left lp-f-body-02\">D\u00e8s les premi\u00e8res secondes du combat, \u00ab God Of War \u00bb a emmen\u00e9 son adversaire au sol, un domaine o\u00f9 il est beaucoup moins \u00e0 l\u2019aise. Il ne s\u2019y est d\u2019ailleurs pas attard\u00e9 d\u00e8s qu\u2019il a pu se relever. Debout, le prot\u00e9g\u00e9 de Nicolas Ott ne prenait pas de risques et restait \u00e0 distance.<\/p>\n<p>Le retour vers les sommets ?<\/p>\n<p class=\"paragraph text_align_left lp-f-body-02\">La deuxi\u00e8me reprise a recommenc\u00e9 comme la 1re, avec une strat\u00e9gie parfaitement appliqu\u00e9e par Beno\u00eet Saint Denis. Apr\u00e8s une tentative infructueuse, le Fran\u00e7ais est retourn\u00e9 au sol et trouv\u00e9 l\u2019ouverture. Affaibli par de longues minutes de lutte, Mauricio Ruffy a fini par taper et l\u00e2cher l\u2019affaire.<\/p>\n<p class=\"paragraph text_align_left lp-f-body-02\">\u00ab Je savais que ma strat\u00e9gie allait marcher, assurait-il apr\u00e8s le combat, encore dans la cage. Le probl\u00e8me c\u2019est qu\u2019avec des karat\u00e9kas, ils peuvent faire des coups incroyables donc il peut y avoir une certaine psychose. Mais il a deux bras et deux jambes comme tout le monde. \u00bb<\/p>\n<p class=\"paragraph text_align_left lp-f-body-02\">Face \u00e0 un combattant annonc\u00e9 comme l\u2019un des futurs grands de la cat\u00e9gorie, l\u2019ancien soldat des forces sp\u00e9ciales, qui a annonc\u00e9 la naissance de son 2e enfant, Clovis, a prouv\u00e9 qu\u2019il \u00e9tait particuli\u00e8rement solide et que son avenir se jouait dans le top 15. Apr\u00e8s deux victoires face \u00e0 des combattants moins bien class\u00e9s, il peut d\u00e9sormais l\u00e9gitimement viser un adversaire mieux class\u00e9 et reprendre sa route vers le titre des poids l\u00e9gers.<\/p>\n<p class=\"paragraph text_align_left lp-f-body-02\">\u00ab Si l\u2019UFC n\u2019arrive pas \u00e0 trouver d\u2019adversaires pour Tsarukyan ou Gamrot, je suis partant, a-t-il d\u2019ailleurs annonc\u00e9. Je sais qu\u2019il y a une soir\u00e9e \u00e0 New York en novembre, \u00e7a m\u2019avait r\u00e9ussi il y a deux ans, \u00e7a me plairait. \u00bb<\/p>\n<p class=\"paragraph text_align_left lp-f-body-02\"><b>Les autres r\u00e9sultats de la soir\u00e9e :<\/b><\/p>\n<ul class=\"margin_bottom_md fs_18_26 fs_20_28_ad blue-dot\">\n<li class=\"mb_150 pl_325\"><b>Beno\u00eet Saint\u00a0Denis (FRA\/n\u00b013)<\/b> bat Mauricio Ruffy (BRE\/n\u00b015) par soumission au 2e round (\u00e9tranglement arri\u00e8re)<\/li>\n<li class=\"mb_150 pl_325\">Modestas Bukauskas (LIT) bat Paul Craig (ECO) par TKO au 1er round<\/li>\n<li class=\"mb_150 pl_325\">Mason Jones (GAL) bat Bolaji Oki (BEL) par TKO au 2e round<\/li>\n<li class=\"mb_150 pl_325\"><b>Axel Sola (FRA) <\/b>bat Rhys McKee (IRL) par TKO au 3e round<\/li>\n<li class=\"mb_150 pl_325\"><b>William Gomis (FRA)<\/b> bat Robert Ruchala (POL) \u00e0 la d\u00e9cision unanime<\/li>\n<li class=\"mb_150 pl_325\"><b>Oumar Sy (FRA)<\/b> bat Brendson Ribeiro (BRE) par TKO au 1er round<\/li>\n<li class=\"mb_150 pl_325\">Ante Delija (CRO) bat Marcin Tybura (POL\/n\u00b07) par TKO au 1er round<\/li>\n<li class=\"mb_150 pl_325\">Kau\u00ea Fernandes (BRE) bat Harry Hardwick (GBR) par TKO au 1er round<\/li>\n<li class=\"mb_150 pl_325\">Sam Patterson (GBR) bat Trey Waters (USA) par TKO au 1er round<\/li>\n<li class=\"mb_150 pl_325\">Robert Bryczek (POL) bat Brad Tavares (USA) par TKO au 3e round<\/li>\n<li class=\"mb_150 pl_325\">Rinat Fakhretdinov (RUS) bat Andreas Gustafsson (SUE) par TKO au 1er round<\/li>\n<li class=\"mb_150 pl_325\">Sam Hughes (USA) bat Shauna Bannon (IRL) par soumission au 2e round (\u00e9tranglement arri\u00e8re)<\/li>\n<\/ul>\n","protected":false},"excerpt":{"rendered":"Durant la semaine, il \u00e9tait apparu aff\u00fbt\u00e9 comme rarement, le regard noir, les muscles saillants. Un an apr\u00e8s&hellip;\n","protected":false},"author":2,"featured_media":371679,"comment_status":"","ping_status":"","sticky":false,"template":"","format":"standard","meta":{"footnotes":""},"categories":[1888],"tags":[1111,1928,11,1927,1777,674,1011,27,1847,12,1926,626,1925,25,60],"class_list":{"0":"post-371678","1":"post","2":"type-post","3":"status-publish","4":"format-standard","5":"has-post-thumbnail","7":"category-paris","8":"tag-actu","9":"tag-actu-paris","10":"tag-actualites","11":"tag-actualites-paris","12":"tag-eu","13":"tag-europe","14":"tag-fr","15":"tag-france","16":"tag-mma","17":"tag-news","18":"tag-news-paris","19":"tag-paris","20":"tag-paris-news","21":"tag-republique-francaise","22":"tag-sports"},"share_on_mastodon":{"url":"https:\/\/pubeurope.com\/@fr\/115159837228735277","error":""},"_links":{"self":[{"href":"https:\/\/www.europesays.com\/fr\/wp-json\/wp\/v2\/posts\/371678","targetHints":{"allow":["GET"]}}],"collection":[{"href":"https:\/\/www.europesays.com\/fr\/wp-json\/wp\/v2\/posts"}],"about":[{"href":"https:\/\/www.europesays.com\/fr\/wp-json\/wp\/v2\/types\/post"}],"author":[{"embeddable":true,"href":"https:\/\/www.europesays.com\/fr\/wp-json\/wp\/v2\/users\/2"}],"replies":[{"embeddable":true,"href":"https:\/\/www.europesays.com\/fr\/wp-json\/wp\/v2\/comments?post=371678"}],"version-history":[{"count":0,"href":"https:\/\/www.europesays.com\/fr\/wp-json\/wp\/v2\/posts\/371678\/revisions"}],"wp:featuredmedia":[{"embeddable":true,"href":"https:\/\/www.europesays.com\/fr\/wp-json\/wp\/v2\/media\/371679"}],"wp:attachment":[{"href":"https:\/\/www.europesays.com\/fr\/wp-json\/wp\/v2\/media?parent=371678"}],"wp:term":[{"taxonomy":"category","embeddable":true,"href":"https:\/\/www.europesays.com\/fr\/wp-json\/wp\/v2\/categories?post=371678"},{"taxonomy":"post_tag","embeddable":true,"href":"https:\/\/www.europesays.com\/fr\/wp-json\/wp\/v2\/tags?post=371678"}],"curies":[{"name":"wp","href":"https:\/\/api.w.org\/{rel}","templated":true}]}}