{"id":371680,"date":"2025-09-06T23:00:22","date_gmt":"2025-09-06T23:00:22","guid":{"rendered":"https:\/\/www.europesays.com\/fr\/371680\/"},"modified":"2025-09-06T23:00:22","modified_gmt":"2025-09-06T23:00:22","slug":"carte-diffusion-horaires-et-les-5-francais-a-suivre","status":"publish","type":"post","link":"https:\/\/www.europesays.com\/fr\/371680\/","title":{"rendered":"carte, diffusion, horaires et les 5 Fran\u00e7ais \u00e0 suivre"},"content":{"rendered":"<p>L\u2019UFC fait son grand retour \u00e0 Paris pour une soir\u00e9e historique. Ce samedi 6 septembre 2025, l\u2019Accor Arena vibrera au rythme des combats, avec cinq Fran\u00e7ais pr\u00eats \u00e0 en d\u00e9coudre, dont Nassourdine Imavov et Beno\u00eet Saint Denis en t\u00eates d\u2019affiche. Carte compl\u00e8te, diffusion TV et horaires : tout ce qu\u2019il faut savoir sur l\u2019UFC Paris 2025.<\/p>\n<p>UFC Paris 2025 : tout savoir sur la soir\u00e9e de MMA \u00e0 l\u2019Accor Arena<br \/>Pour la quatri\u00e8me ann\u00e9e cons\u00e9cutive, l\u2019<a href=\"https:\/\/tv-programme.com\/mma-ufc-sport\" target=\"_blank\" rel=\"noopener\"><strong>UFC<\/strong><\/a> pose ses gants en France. Ce <strong>samedi 6 septembre 2025<\/strong>, l\u2019<strong>Accor Arena de Paris-Bercy<\/strong> accueillera une soir\u00e9e qui s\u2019annonce d\u00e9j\u00e0 explosive. Cinq combattants fran\u00e7ais seront au rendez-vous, avec en t\u00eate d\u2019affiche <strong>Nassourdine Imavov<\/strong> et <strong>Beno\u00eet Saint Denis<\/strong>, tous engag\u00e9s dans des combats aux enjeux majeurs.<\/p>\n<p>Entre la carte des combats, les horaires et les cha\u00eenes de diffusion, voici le guide complet pour ne rien manquer de cet \u00e9v\u00e9nement incontournable du MMA fran\u00e7ais.<\/p>\n<p>Les combattants fran\u00e7ais \u00e0 suivre<br \/>L\u2019UFC Paris 2025 a des allures de gala bleu-blanc-rouge :<\/p>\n<ul>\n<li><strong>Nassourdine Imavov<\/strong> : actuel n\u00b02 mondial des -84 kg, il vise clairement un futur combat pour le titre. Il sera oppos\u00e9 au Br\u00e9silien <strong>Caio Borralho<\/strong>.<\/li>\n<li><strong>Beno\u00eet Saint Denis<\/strong> : surnomm\u00e9 le \u00ab\u00a0God of War\u00a0\u00bb, il affrontera <strong>Mauricio Ruffy<\/strong> dans un duel \u00e0 quitte ou double.<\/li>\n<li><strong>Axel Sola<\/strong> : le Ni\u00e7ois invaincu fera ses d\u00e9buts tr\u00e8s attendus \u00e0 l\u2019UFC en -77 kg face \u00e0 l\u2019Irlandais <strong>Rhys McKee<\/strong>.<\/li>\n<li><strong>William Gomis<\/strong> : le \u00ab\u00a0Jaguar\u00a0\u00bb, solide en -66 kg, combattra \u00e0 domicile contre le Polonais <strong>Robert Ruchala<\/strong>.<\/li>\n<li><strong>Oumar Sy<\/strong> : surnomm\u00e9 le \u00ab\u00a0French Tank\u00a0\u00bb, il sera le premier Tricolore \u00e0 entrer dans l\u2019octogone face au Br\u00e9silien <strong>Brendson Ribeiro<\/strong>.<\/li>\n<\/ul>\n<p><img decoding=\"async\" src=\"https:\/\/www.europesays.com\/fr\/wp-content\/uploads\/2025\/09\/1757199621_182_0.jpg\" class=\"img-fluid w-100 h-100 object-fit-cover\" alt=\"video\"\/>La carte des combatsCarte pr\u00e9liminaire (d\u00e8s 18h \u2013 diffusion sur <strong>Twitch RMC Sport<\/strong>)<\/p>\n<ul>\n<li>Shauna Bannon (IRL) vs Sam Hughes (USA)<\/li>\n<li>Andreas Gustafsson (SUE) vs Rinat Fakhretdinov (RUS)<\/li>\n<li>Brad Tavares (USA) vs Robert Bryczek (POL)<\/li>\n<li>Sam Patterson (GBR) vs Trey Waters (USA)<\/li>\n<li>Harry Hardwick (GBR) vs Kau\u00ea Fernandes (BRE)<\/li>\n<li>Marcin Tybura (POL) vs Ante Delija (CRO)<\/li>\n<li><strong>Oumar Sy (FRA) vs Brendson Ribeiro (BRE)<\/strong><\/li>\n<\/ul>\n<p>Carte principale (d\u00e8s 20h30 \u2013 diffusion sur <strong>RMC Sport 1<\/strong>)<\/p>\n<ul>\n<li><strong>William Gomis (FRA) vs Robert Ruchala (POL)<\/strong><\/li>\n<li>Patricio Pitbull (BRE) vs Losene Keita (BEL)<\/li>\n<li><strong>Axel Sola (FRA) vs Rhys McKee (IRL)<\/strong><\/li>\n<li>Bolaji Oki (BEL) vs Mason Jones (WLS)<\/li>\n<\/ul>\n<p><img decoding=\"async\" src=\"https:\/\/www.europesays.com\/fr\/wp-content\/uploads\/2025\/09\/1757199622_661_0.jpg\" class=\"img-fluid w-100 h-100 object-fit-cover\" alt=\"video\"\/>Les trois combats phares (d\u00e8s 22h30 \u2013 diffusion sur <strong>RMC Sport 1<\/strong> et <strong>RMC D\u00e9couverte<\/strong>)O\u00f9 regarder les combats en direct de\u00a0l\u2019UFC Paris 2025 ?<\/p>\n<ul>\n<li><strong>Carte pr\u00e9liminaire \u00e0 partir de 18h00<\/strong>\u00a0: en direct et gratuitement sur la <strong>cha\u00eene Twitch de RMC Sport<\/strong>.<\/li>\n<li><strong>Carte principale \u00e0 partir de 20h30<\/strong>\u00a0: disponible sur <a href=\"https:\/\/tv-programme.com\/rmc-sport-1\" target=\"_blank\" rel=\"noopener\"><strong>RMC Sport 1<\/strong><\/a>.<\/li>\n<li><strong>Trois derniers combats \u00e0 partir de 22h30<\/strong> : diffus\u00e9s \u00e0 la fois sur <a href=\"https:\/\/tv-programme.com\/rmc-sport-1\" target=\"_blank\" rel=\"noopener\"><strong>RMC Sport 1<\/strong><\/a> et en clair sur <a href=\"https:\/\/tv-programme.com\/rmc-decouverte\" target=\"_blank\" rel=\"noopener\"><strong>RMC D\u00e9couverte<\/strong><\/a> (canal 24 de la TNT).<\/li>\n<\/ul>\n<p><a href=\"https:\/\/www.awin1.com\/cread.php?s=3323564&amp;v=33125&amp;q=448180&amp;r=410801\" class=\"btn btn-sm btn-primary\" target=\"_blank\" rel=\"noopener\">Regarder les combats UFC en direct sur RMC Sport<\/a><\/p>\n<p>Avec cinq Fran\u00e7ais en lice et des combats d\u00e9cisifs, l\u2019UFC Paris 2025 promet une soir\u00e9e m\u00e9morable pour tous les passionn\u00e9s de MMA.<\/p>\n","protected":false},"excerpt":{"rendered":"L\u2019UFC fait son grand retour \u00e0 Paris pour une soir\u00e9e historique. Ce samedi 6 septembre 2025, l\u2019Accor Arena&hellip;\n","protected":false},"author":2,"featured_media":371681,"comment_status":"","ping_status":"","sticky":false,"template":"","format":"standard","meta":{"footnotes":""},"categories":[1888],"tags":[39020,1111,1928,11,1927,6394,3949,39019,1777,674,1011,27,326,39014,39013,12,1926,626,1925,39016,39017,39018,503,39015,502,39022,39021,362,25,39012],"class_list":{"0":"post-371680","1":"post","2":"type-post","3":"status-publish","4":"format-standard","5":"has-post-thumbnail","7":"category-paris","8":"tag-a-la-tv","9":"tag-actu","10":"tag-actu-paris","11":"tag-actualites","12":"tag-actualites-paris","13":"tag-ce-soir-tv","14":"tag-complet","15":"tag-en-ce-moment-tv","16":"tag-eu","17":"tag-europe","18":"tag-fr","19":"tag-france","20":"tag-gratuit","21":"tag-guide-tele","22":"tag-guide-tv","23":"tag-news","24":"tag-news-paris","25":"tag-paris","26":"tag-paris-news","27":"tag-programme-canalsat","28":"tag-programme-freebox","29":"tag-programme-orange","30":"tag-programme-tele","31":"tag-programme-tnt","32":"tag-programme-tv","33":"tag-que-regarder-a-la-tv","34":"tag-regarder-la-tv","35":"tag-replay","36":"tag-republique-francaise","37":"tag-soiree-tv"},"share_on_mastodon":{"url":"https:\/\/pubeurope.com\/@fr\/115159841192971827","error":""},"_links":{"self":[{"href":"https:\/\/www.europesays.com\/fr\/wp-json\/wp\/v2\/posts\/371680","targetHints":{"allow":["GET"]}}],"collection":[{"href":"https:\/\/www.europesays.com\/fr\/wp-json\/wp\/v2\/posts"}],"about":[{"href":"https:\/\/www.europesays.com\/fr\/wp-json\/wp\/v2\/types\/post"}],"author":[{"embeddable":true,"href":"https:\/\/www.europesays.com\/fr\/wp-json\/wp\/v2\/users\/2"}],"replies":[{"embeddable":true,"href":"https:\/\/www.europesays.com\/fr\/wp-json\/wp\/v2\/comments?post=371680"}],"version-history":[{"count":0,"href":"https:\/\/www.europesays.com\/fr\/wp-json\/wp\/v2\/posts\/371680\/revisions"}],"wp:featuredmedia":[{"embeddable":true,"href":"https:\/\/www.europesays.com\/fr\/wp-json\/wp\/v2\/media\/371681"}],"wp:attachment":[{"href":"https:\/\/www.europesays.com\/fr\/wp-json\/wp\/v2\/media?parent=371680"}],"wp:term":[{"taxonomy":"category","embeddable":true,"href":"https:\/\/www.europesays.com\/fr\/wp-json\/wp\/v2\/categories?post=371680"},{"taxonomy":"post_tag","embeddable":true,"href":"https:\/\/www.europesays.com\/fr\/wp-json\/wp\/v2\/tags?post=371680"}],"curies":[{"name":"wp","href":"https:\/\/api.w.org\/{rel}","templated":true}]}}