{"id":371684,"date":"2025-09-06T23:02:21","date_gmt":"2025-09-06T23:02:21","guid":{"rendered":"https:\/\/www.europesays.com\/fr\/371684\/"},"modified":"2025-09-06T23:02:21","modified_gmt":"2025-09-06T23:02:21","slug":"je-suis-le-prochain-nassourdine-imavov-maitrise-borralho-a-lufc-paris-4-et-peut-rever-de-titre","status":"publish","type":"post","link":"https:\/\/www.europesays.com\/fr\/371684\/","title":{"rendered":"\u00ab\u00a0Je suis le prochain\u00a0\u00bb\u00a0: Nassourdine Imavov ma\u00eetrise Borralho \u00e0 l\u2019UFC Paris 4 et peut r\u00eaver de titre"},"content":{"rendered":"<p class=\"paragraph text_align_left lp-f-body-02\">L\u2019enjeu \u00e9tait \u00e9norme, le moment pouvait changer son destin. En p\u00e9n\u00e9trant dans la cage de l\u2019UFC plac\u00e9e en plein centre de l\u2019Accor Arena (XIIe), <a href=\"https:\/\/www.leparisien.fr\/sports\/mma\/le-destin-de-la-star-du-mma-francais-nassourdine-imavov-je-suis-un-reveur-je-me-suis-toujours-imagine-champion-05-09-2025-CJKDD3JYUVFDHGW7EDOY7SZINU.php\" target=\"_blank\" rel=\"noreferrer noopener\">Nassourdine Imavov<\/a> savait qu\u2019une victoire convaincante lui ouvrirait les portes d\u2019un combat pour le titre face au champion Khamzat Chimaev. Il fallait, pour \u00e7a, terrasser <a href=\"https:\/\/www.leparisien.fr\/sports\/mma\/je-botte-des-culs-devant-le-monde-entier-caio-borralho-lancien-geek-harcele-devenu-combattant-de-mma-06-09-2025-WBTVBKTNPJHZ3NF3WIM2CXUNN4.php\" target=\"_blank\" rel=\"noreferrer noopener\">le dangereux Caio Borralho<\/a>. Une mission accomplie avec une s\u00e9r\u00e9nit\u00e9 d\u00e9concertante.<\/p>\n<p class=\"paragraph text_align_left lp-f-body-02\">Le Br\u00e9silien n\u2019avait pourtant pas perdu depuis dix ans. C\u2019\u00e9tait lors de son 2e combat, il n\u2019\u00e9tait qu\u2019un jeune homme de 22 ans en pleine progression. Seize victoires et sept combats \u00e0 l\u2019UFC plus tard, c\u2019est en candidat au titre qu\u2019il se pr\u00e9sentait \u00e0 Paris. Mais <a href=\"https:\/\/www.leparisien.fr\/sports\/mma\/des-le-plus-jeune-age-on-samuse-a-se-battre-nassourdine-imavov-du-daghestan-au-top-10-de-lufc-03-02-2024-QJPQYA43MRDH5N34U25RLTXIFI.php\" target=\"_blank\" rel=\"noreferrer noopener\">Nassourdine Imavov<\/a> est un diamant brut, incassable et taill\u00e9 pour aller chercher le Graal \u00e0 l\u2019UFC : la ceinture des poids moyens.<\/p>\n<p class=\"paragraph text_align_left lp-f-body-02\">\u00ab Dans l\u2019\u00e9tat dans lequel j\u2019ai combattu, je suis content de ma performance, a-t-il expliqu\u00e9 apr\u00e8s son succ\u00e8s. J\u2019ai un tendon ou quelque chose en dessous du pied qui a l\u00e2ch\u00e9, \u00e7a fait tr\u00e8s mal. J\u2019aurais aim\u00e9 gagner avant la limite mais ce n\u2019est pas grave. \u00bb<\/p>\n<p class=\"paragraph text_align_left lp-f-body-02\">D\u00e8s le 1er round, le Fran\u00e7ais d\u2019origine daghestanaise a impos\u00e9 son rythme, acculant le Br\u00e9silien contre la cage. Caio Borralho a bien tent\u00e9 de r\u00e9agir en l\u2019amenant au sol mais sa strat\u00e9gie ne s\u2019est pas av\u00e9r\u00e9e payante. Le \u00ab Sniper \u00bb poursuivait, lui, son travail de destruction, cherchant l\u2019ouverture avec sa vitesse et ses poings. Profitant aussi d\u2019un public en feu, tr\u00e8s bruyant depuis le d\u00e9but de la soir\u00e9e et encore plus depuis <a href=\"https:\/\/www.leparisien.fr\/sports\/mma\/mma-ufc-paris-4-en-furie-benoit-saint-denis-ne-laisse-aucune-chance-a-ruffy-et-enflamme-laccor-arena-06-09-2025-LYDCNVCMXBEQPBCZCMBF6S6MEQ.php\" target=\"_blank\" rel=\"noreferrer noopener\">la victoire de Beno\u00eet Saint Denis quelques minutes avant<\/a>.<\/p>\n<p>Prochaine \u00e9tape : le titre<\/p>\n<p class=\"paragraph text_align_left lp-f-body-02\">Imp\u00e9rial dans les phases de combat debout et parfait dans sa d\u00e9fense des amen\u00e9es au sol, Nassourdine Imavov a continu\u00e9 \u00e0 dominer les d\u00e9bats sans trembler. Ses encha\u00eenements de boxe anglaise ont d\u2019ailleurs fait tr\u00e8s mal au Br\u00e9silien, qui n\u2019a cess\u00e9 de reculer. Vaillant, Borralho est tout de m\u00eame rest\u00e9 debout jusqu\u2019\u00e0 la fin des cinq rounds, s\u2019inclinant finalement \u00e0 la d\u00e9cision unanime des juges (50-45, 49-46, 49-46).<\/p>\n<p class=\"paragraph text_align_left lp-f-body-02\">La suite semble d\u00e9sormais claire pour le Fran\u00e7ais. Alors que Dana White avait annonc\u00e9 que l\u2019un des vainqueurs des combats Imavov-Borralho et De Ridder-Hernandez (pr\u00e9vu le 18 octobre) serait <a href=\"https:\/\/www.leparisien.fr\/sports\/mma\/ufc-khamzat-chimaev-devient-le-roi-des-poids-moyen-apres-son-eclatante-victoire-sur-dricus-du-plessis-17-08-2025-P7IGQL7QJVCYPEVADB6FTJH6NQ.php\" target=\"_blank\" rel=\"noreferrer noopener\">le prochain adversaire de Khamzat Chimaev<\/a> pour le titre, le poids moyen est le candidat d\u00e9sign\u00e9. Apr\u00e8s avoir battu une l\u00e9gende, Isra\u00ebl Adesanya, et avoir pris la 1re place du classement, \u00e7a ne peut plus lui \u00e9chapper.<\/p>\n<p class=\"paragraph text_align_left lp-f-body-02\">\u00ab Je suis le suivant. Je suis le prochain \u00e0 combattre pour la ceinture, sans aucune h\u00e9sitation, a-t-il martel\u00e9 dans la cage. Ce mec-l\u00e0 (Borralho), il n\u2019avait plus perdu depuis 10 ans et je l\u2019ai battu et avec la mani\u00e8re. \u00bb<\/p>\n","protected":false},"excerpt":{"rendered":"L\u2019enjeu \u00e9tait \u00e9norme, le moment pouvait changer son destin. En p\u00e9n\u00e9trant dans la cage de l\u2019UFC plac\u00e9e en&hellip;\n","protected":false},"author":2,"featured_media":371685,"comment_status":"","ping_status":"","sticky":false,"template":"","format":"standard","meta":{"footnotes":""},"categories":[1888],"tags":[11,1777,674,1011,27,1847,12,626,25,60],"class_list":{"0":"post-371684","1":"post","2":"type-post","3":"status-publish","4":"format-standard","5":"has-post-thumbnail","7":"category-paris","8":"tag-actualites","9":"tag-eu","10":"tag-europe","11":"tag-fr","12":"tag-france","13":"tag-mma","14":"tag-news","15":"tag-paris","16":"tag-republique-francaise","17":"tag-sports"},"share_on_mastodon":{"url":"https:\/\/pubeurope.com\/@fr\/115159848959363065","error":""},"_links":{"self":[{"href":"https:\/\/www.europesays.com\/fr\/wp-json\/wp\/v2\/posts\/371684","targetHints":{"allow":["GET"]}}],"collection":[{"href":"https:\/\/www.europesays.com\/fr\/wp-json\/wp\/v2\/posts"}],"about":[{"href":"https:\/\/www.europesays.com\/fr\/wp-json\/wp\/v2\/types\/post"}],"author":[{"embeddable":true,"href":"https:\/\/www.europesays.com\/fr\/wp-json\/wp\/v2\/users\/2"}],"replies":[{"embeddable":true,"href":"https:\/\/www.europesays.com\/fr\/wp-json\/wp\/v2\/comments?post=371684"}],"version-history":[{"count":0,"href":"https:\/\/www.europesays.com\/fr\/wp-json\/wp\/v2\/posts\/371684\/revisions"}],"wp:featuredmedia":[{"embeddable":true,"href":"https:\/\/www.europesays.com\/fr\/wp-json\/wp\/v2\/media\/371685"}],"wp:attachment":[{"href":"https:\/\/www.europesays.com\/fr\/wp-json\/wp\/v2\/media?parent=371684"}],"wp:term":[{"taxonomy":"category","embeddable":true,"href":"https:\/\/www.europesays.com\/fr\/wp-json\/wp\/v2\/categories?post=371684"},{"taxonomy":"post_tag","embeddable":true,"href":"https:\/\/www.europesays.com\/fr\/wp-json\/wp\/v2\/tags?post=371684"}],"curies":[{"name":"wp","href":"https:\/\/api.w.org\/{rel}","templated":true}]}}