{"id":371692,"date":"2025-09-06T23:06:22","date_gmt":"2025-09-06T23:06:22","guid":{"rendered":"https:\/\/www.europesays.com\/fr\/371692\/"},"modified":"2025-09-06T23:06:22","modified_gmt":"2025-09-06T23:06:22","slug":"qui-est-shabana-mahmood-la-nouvelle-ministre-de-linterieur-britannique","status":"publish","type":"post","link":"https:\/\/www.europesays.com\/fr\/371692\/","title":{"rendered":"qui est Shabana Mahmood, la nouvelle ministre de l\u2019Int\u00e9rieur britannique ?"},"content":{"rendered":"<p><strong>PORTRAIT &#8211;<\/strong> La travailliste tendance \u00abBlue Labour\u00bb a \u00e9t\u00e9 choisie par le premier ministre Keir Starmer pour freiner l\u2019immigration.<\/p>\n<p class=\"fig-paragraph\">Une nomination qui en dit long sur le virage id\u00e9ologique de la gauche britannique en mati\u00e8re migratoire. Apr\u00e8s la\u00a0<a href=\"http:\/\/www.lefigaro.fr\/international\/royaume-uni-la-numero-deux-du-gouvernement-demissionne-apres-une-affaire-d-impot-sous-paye-20250905\" data-fig-type=\"NewsFlash\" data-gtm-custom-categorie=\"navigation\" data-gtm-custom-action=\"crossclick\" data-gtm-custom-label=\"Contextuel\" data-gtm-event=\"customEventSPE\" data-fig-domain=\"LEFIGARO\" target=\"_blank\" rel=\"noopener\">d\u00e9mission de la vice-premi\u00e8re ministre<\/a>\u00a0<a href=\"http:\/\/www.lefigaro.fr\/international\/royaume-uni-qui-est-angela-rayner-la-vice-premiere-ministre-de-keir-starmer-20240705\" data-fig-type=\"NewsFlash\" data-gtm-custom-categorie=\"navigation\" data-gtm-custom-action=\"crossclick\" data-gtm-custom-label=\"Contextuel\" data-gtm-event=\"customEventSPE\" data-fig-domain=\"LEFIGARO\" target=\"_blank\" rel=\"noopener\">Angela Rayner<\/a>, le premier ministre travailliste\u00a0<a href=\"http:\/\/www.lefigaro.fr\/international\/royaume-uni-keir-starmer-remanie-son-gouvernement-apres-la-demission-de-sa-vice-premiere-ministre-angela-rayner-20250905\" data-fig-type=\"NewsFlash\" data-gtm-custom-categorie=\"navigation\" data-gtm-custom-action=\"crossclick\" data-gtm-custom-label=\"Contextuel\" data-gtm-event=\"customEventSPE\" data-fig-domain=\"LEFIGARO\" target=\"_blank\" rel=\"noopener\">Keir Starmer a remani\u00e9 son gouvernement<\/a>. Avec un choix fort \u00e0 la t\u00eate du Home Secretary, le minist\u00e8re de l\u2019Int\u00e9rieur britannique, \u00e0 la t\u00eate duquel Starmer a choisi Shabana Mahmood.<\/p>\n<p class=\"fig-paragraph\">Auparavant ministre de la Justice de Starmer, cette \u00e9lue de Birmingham, de confession musulmane et d\u2019origine pakistanaise, est d\u00e9sormais la figure de proue du \u00abBlue Labour\u00bb, un courant conservateur alli\u00e9 aux travaillistes. Fond\u00e9 \u00e0 la fin des ann\u00e9es 2000 par\u00a0<a href=\"http:\/\/www.lefigaro.fr\/vox\/monde\/maurice-glasman-depuis-le-brexit-la-vraie-politique-est-de-retour-en-angleterre-20250821\" data-fig-type=\"Article\" data-gtm-custom-categorie=\"navigation\" data-gtm-custom-action=\"crossclick\" data-gtm-custom-label=\"Contextuel\" data-gtm-event=\"customEventSPE\" data-fig-domain=\"LEFIGARO\" target=\"_blank\" rel=\"noopener\">Maurice Glasman<\/a>, ce mouvement s\u2019appuie sur une critique acerbe d\u2019une gauche britannique consid\u00e9r\u00e9e comme anti-Brexit, \u00e9litiste, pro immigration et d\u00e9connect\u00e9e de sa base ouvri\u00e8re traditionnelle. Elle est \u00abmaintenant clairement la chef de notre mouvement au sein du parti\u00bb, a r\u00e9agi Maurice Glasman aupr\u00e8s de Politico apr\u00e8s sa nomination.<\/p>\n<p>                                    <a class=\"fig-a11y-skip a11y-hidden\" href=\"#fig-a11y-skip-main-inarticle\"><br \/>\n        Passer la publicit\u00e9<br \/>\n    <\/a><\/p>\n<p>Figure du Blue Labour<\/p>\n<p class=\"fig-paragraph\">C\u2019est en reprenant plusieurs de ses th\u00e8mes, \u00e0 commencer par la lutte contre l\u2019immigration, que Keir Starmer et le Parti travailliste ont remport\u00e9 leur large victoire aux \u00e9lections g\u00e9n\u00e9rales de 2024. Preuve de l\u2019influence grandissante de ces id\u00e9es au sein du nouveau gouvernement, le chef de cabinet du premier ministre,\u00a0<a href=\"http:\/\/www.lefigaro.fr\/international\/au-royaume-uni-keir-starmer-fait-douter-ses-troupes-travaillistes-20250205\" target=\"_blank\" data-fig-type=\"Article\" rel=\"noopener\" data-gtm-custom-categorie=\"navigation\" data-gtm-custom-action=\"crossclick\" data-gtm-custom-label=\"Contextuel\" data-gtm-event=\"customEventSPE\" data-fig-domain=\"LEFIGARO\">Morgan McSweeney<\/a>, est lui-m\u00eame acquis au mouvement. Politiquement, la nomination de Shabana Mahmood doit aussi permettre aux travaillistes de contrer la surench\u00e8re radicale du parti farouchement antisyst\u00e8me et anti-immigration Reform UK de Nigel Farage, en plein essor dans les sondages.<\/p>\n<p class=\"fig-paragraph\">Dans un entretien accord\u00e9 en mai au m\u00e9dia The Spectator, Shabana Mahmood, \u00e9lue dans un territoire fortement communautaris\u00e9, assumait sa ligne dure en mati\u00e8re migratoire. \u00abJe repr\u00e9sente une communaut\u00e9 \u00e0 70% non blanche\u00bb, expliquait-elle. \u00abSi vous interrogez mes \u00e9lecteurs, ils souhaitent un syst\u00e8me migratoire \u00e9quitable. Ils pensent qu\u2019il devrait y avoir des r\u00e8gles. La plupart d\u2019entre eux diront qu\u2019ils sont arriv\u00e9s dans ce pays sur la base de r\u00e8gles tr\u00e8s strictes, qu\u2019ils ont suivies pour y travailler et y faire leur vie. Ils souhaitent ce sentiment d\u2019\u00e9quit\u00e9 pour tous ceux qui pourraient venir, maintenant ou \u00e0 l\u2019avenir.\u00bb Et la ministre britannique de tancer les h\u00e9sitations travaillistes en mati\u00e8re migratoire\u00a0: \u00abJe ne comprends tout simplement pas pourquoi nous nous embrouillons \u00e0 parler de contr\u00f4le migratoire \u00e0 gauche, car c\u2019est un sujet fondamental pour beaucoup de nos \u00e9lecteurs.\u00bb<\/p>\n<p class=\"fig-paragraph\">La feuille de route de Shabana Mahmood est donc claire\u00a0: livrer une guerre sans merci \u00e0 l\u2019immigration ill\u00e9gale, au c\u0153ur de l\u2019actualit\u00e9 politique britannique de ces derniers mois. Une pr\u00e9occupation de plus en plus partag\u00e9e dans l\u2019opinion, alors que le Royaume-Uni a enregistr\u00e9 un nombre record de demandes d\u2019asile, avec 111.000 demandes en douze mois, un chiffre en hausse de 20% sur un an. La nouvelle ministre de l\u2019Int\u00e9rieur devrait donc acc\u00e9l\u00e9rer le traitement des demandes et r\u00e9duire des voies de recours.<\/p>\n<p>Faire barrage \u00e0 Nigel Farage<\/p>\n<p class=\"fig-paragraph\">Sans oublier l\u2019\u00e9pineuse question de l\u2019h\u00e9bergement des demandeurs dans des h\u00f4tels, devant lesquels des\u00a0<a href=\"http:\/\/www.lefigaro.fr\/international\/royaume-uni-apres-les-emeutes-de-sunderland-nouvelles-manifestations-sous-surveillance-20240803\" target=\"_blank\" data-fig-type=\"NewsFlash\" rel=\"noopener\" data-gtm-custom-categorie=\"navigation\" data-gtm-custom-action=\"crossclick\" data-gtm-custom-label=\"Contextuel\" data-gtm-event=\"customEventSPE\" data-fig-domain=\"LEFIGARO\">manifestations anti-immigration<\/a>\u00a0ont r\u00e9guli\u00e8rement lieu depuis plusieurs semaines. Parmi les alternatives possibles, le parti travailliste a \u00e9voqu\u00e9 le placement des migrants dans des bases militaires abandonn\u00e9es ou des appartements d\u00e9saffect\u00e9s, des logements \u00e9tudiants ou des entrep\u00f4ts. Pour surench\u00e9rir sur les propositions de Nigel Farage, Shabana Mahmood doit \u00e9galement faire en sorte de diminuer l\u2019immigration l\u00e9gale, par la r\u00e9duction du nombre de visas \u00e9tudiants et l\u2019introduction de tests d\u2019anglais. Au risque de braquer les entreprises ou les h\u00f4pitaux britanniques en demande de main-d\u2019\u0153uvre.<\/p>\n<p class=\"fig-paragraph\">La premi\u00e8re flic de Grande-Bretagne devra aussi se positionner sur la sensible question de Palestine Action. Cette organisation d\u2019activistes propalestiniens avait en effet \u00e9t\u00e9 interdite et class\u00e9e \u00abterroriste\u00bb par son pr\u00e9d\u00e9cesseur au Home Secretary, Yvette Cooper. En cause, de nombreuses actions de d\u00e9gradations de mat\u00e9riel militaire ou d\u2019infrastructures li\u00e9es \u00e0 des entreprises de d\u00e9fense. La derni\u00e8re en date, le vandalisme de plusieurs avions d\u2019une base de la Royal Air Force pour un pr\u00e9judice de 7 millions de livres sterling (environ 8,07 millions d\u2019euros).<\/p>\n<p>                                    <a class=\"fig-a11y-skip a11y-hidden\" href=\"#fig-a11y-skip-main-inarticle_mtf\"><br \/>\n        Passer la publicit\u00e9<br \/>\n    <\/a><\/p>\n<p class=\"fig-paragraph\">Mais cette interdiction a suscit\u00e9 une vague d\u2019indignation chez de nombreux sympathisants de la cause palestinienne, qui la jugent disproportionn\u00e9e. Scotland Yard fait valoir que la d\u00e9fense affich\u00e9e d\u2019une organisation terroriste est d\u00e9sormais un crime passible de 14 ans de prison. Des centaines de personnes ont d\u00e9j\u00e0 \u00e9t\u00e9 interpell\u00e9es par les forces de l\u2019ordre britanniques lors de manifestations de soutien. Une nouvelle manifestation doit avoir lieu \u00e0 Westminster ce samedi 6 septembre.<\/p>\n<p>Gaza, dossier sensible pour les travaillistes<\/p>\n<p class=\"fig-paragraph\">Pour Shabana Mahmood et le Parti travailliste, l\u2019enjeu est aussi \u00e9lectoral. Keir Starmer avait en effet soigneusement \u00e9vit\u00e9 la question de\u00a0<a href=\"http:\/\/www.lefigaro.fr\/international\/gaza-l-armee-israelienne-appelle-les-habitants-de-la-ville-a-partir-vers-une-zone-humanitaire-plus-au-sud-20250906\" target=\"_blank\" data-fig-type=\"NewsFlash\" rel=\"noopener\" data-gtm-custom-categorie=\"navigation\" data-gtm-custom-action=\"crossclick\" data-gtm-custom-label=\"Contextuel\" data-gtm-event=\"customEventSPE\" data-fig-domain=\"LEFIGARO\">Gaza<\/a>\u00a0aux derni\u00e8res \u00e9lections g\u00e9n\u00e9rales. Abandonnant le th\u00e8me de la condamnation du \u00abg\u00e9nocide\u00bb \u00e0 Jeremy Corbyn et \u00e0 son nouveau parti, il avait tent\u00e9 de d\u00e9tacher le parti travailliste des accusations d\u2019antis\u00e9mitisme. R\u00e9sultat, le Parti travailliste avait perdu des voix dans les bastions musulmans. Shabana Mahmood elle-m\u00eame, \u00e0 Birmingham, avait \u00e9t\u00e9 moins bien \u00e9lue qu\u2019en 2019, face \u00e0 un candidat qui l\u2019avait accus\u00e9e de ne pas se pr\u00e9occuper du massacre des Palestiniens.<\/p>\n<p class=\"fig-paragraph\">Autant de dossiers que la nouvelle ministre devra affronter en s\u2019appuyant sur sa longue exp\u00e9rience politique. Shabana Mahmood n\u2019a que 30 ans lorsqu\u2019elle est \u00e9lue pour la premi\u00e8re fois \u00e0 la chambre des repr\u00e9sentants. La jeune avocate dipl\u00f4m\u00e9e du Lincoln College d\u2019Oxford, devient alors l\u2019une des deux premi\u00e8res femmes musulmanes \u00e0 \u00eatre \u00e9lue d\u00e9put\u00e9e au Royaume-Uni. Par la suite, elle occupe plusieurs post\u00e9s cl\u00e9s au sein du parti travailliste, notamment comme membre du \u00abcabinet fant\u00f4me\u00bb.<\/p>\n<p class=\"fig-paragraph\">Dans la pratique parlementaire britannique, le parti d\u2019opposition compose un \u00abcabinet fant\u00f4me\u00bb, un gouvernement alternatif, dont les membres formulent des propositions aux membres du gouvernement r\u00e9el. Shabana Mahmood a \u00e9t\u00e9 membre plusieurs fois de ce cabinet, comme \u00abministre fant\u00f4me\u00bb des finances ou de la Justice par exemple. Elle quitte bri\u00e8vement la politique en 2015 apr\u00e8s l\u2019\u00e9lection de Corbyn \u00e0 la t\u00eate du parti travailliste. Avant d\u2019\u00eatre r\u00e9\u00e9lue triomphalement en tant que d\u00e9put\u00e9e en 2017.<\/p>\n","protected":false},"excerpt":{"rendered":"PORTRAIT &#8211; La travailliste tendance \u00abBlue Labour\u00bb a \u00e9t\u00e9 choisie par le premier ministre Keir Starmer pour freiner&hellip;\n","protected":false},"author":2,"featured_media":371693,"comment_status":"","ping_status":"","sticky":false,"template":"","format":"standard","meta":{"footnotes":""},"categories":[1588],"tags":[11,1777,674,5072,1061,2581,12,17712,473,1853,1851,1850,1852],"class_list":{"0":"post-371692","1":"post","2":"type-post","3":"status-publish","4":"format-standard","5":"has-post-thumbnail","7":"category-royaume-uni","8":"tag-actualites","9":"tag-eu","10":"tag-europe","11":"tag-grande-bretagne","12":"tag-immigration","13":"tag-keir-starmer","14":"tag-news","15":"tag-parti-travailliste","16":"tag-royaume-uni","17":"tag-royaume-uni-de-grande-bretagne-et-dirlande-du-nord","18":"tag-uk","19":"tag-united-kingdom","20":"tag-united-kingdom-of-great-britain-and-northern-ireland"},"share_on_mastodon":{"url":"https:\/\/pubeurope.com\/@fr\/115159864798144213","error":""},"_links":{"self":[{"href":"https:\/\/www.europesays.com\/fr\/wp-json\/wp\/v2\/posts\/371692","targetHints":{"allow":["GET"]}}],"collection":[{"href":"https:\/\/www.europesays.com\/fr\/wp-json\/wp\/v2\/posts"}],"about":[{"href":"https:\/\/www.europesays.com\/fr\/wp-json\/wp\/v2\/types\/post"}],"author":[{"embeddable":true,"href":"https:\/\/www.europesays.com\/fr\/wp-json\/wp\/v2\/users\/2"}],"replies":[{"embeddable":true,"href":"https:\/\/www.europesays.com\/fr\/wp-json\/wp\/v2\/comments?post=371692"}],"version-history":[{"count":0,"href":"https:\/\/www.europesays.com\/fr\/wp-json\/wp\/v2\/posts\/371692\/revisions"}],"wp:featuredmedia":[{"embeddable":true,"href":"https:\/\/www.europesays.com\/fr\/wp-json\/wp\/v2\/media\/371693"}],"wp:attachment":[{"href":"https:\/\/www.europesays.com\/fr\/wp-json\/wp\/v2\/media?parent=371692"}],"wp:term":[{"taxonomy":"category","embeddable":true,"href":"https:\/\/www.europesays.com\/fr\/wp-json\/wp\/v2\/categories?post=371692"},{"taxonomy":"post_tag","embeddable":true,"href":"https:\/\/www.europesays.com\/fr\/wp-json\/wp\/v2\/tags?post=371692"}],"curies":[{"name":"wp","href":"https:\/\/api.w.org\/{rel}","templated":true}]}}