{"id":371698,"date":"2025-09-06T23:09:11","date_gmt":"2025-09-06T23:09:11","guid":{"rendered":"https:\/\/www.europesays.com\/fr\/371698\/"},"modified":"2025-09-06T23:09:11","modified_gmt":"2025-09-06T23:09:11","slug":"ue-lavocat-general-de-la-cjue-plaide-pour-des-papiers-conformes-au-genre-vecu","status":"publish","type":"post","link":"https:\/\/www.europesays.com\/fr\/371698\/","title":{"rendered":"UE : l\u2019avocat g\u00e9n\u00e9ral de la CJUE plaide pour des papiers conformes au genre v\u00e9cu"},"content":{"rendered":"<p>Dans un avis rendu le 4 septembre, l\u2019avocat g\u00e9n\u00e9ral aupr\u00e8s de la Cour de justice de l\u2019Union europ\u00e9enne (CJUE), Richard de la Tour, a estim\u00e9 que les \u00c9tats membres de l\u2019UE sont tenus de d\u00e9livrer des documents d\u2019identit\u00e9 conformes \u00e0 l\u2019identit\u00e9 de genre v\u00e9cue des personnes transgenres.<\/p>\n<p>L\u2019affaire, transmise par la justice bulgare, concerne une femme trans qui, depuis 2017, se bat pour que son \u00e9tat civil refl\u00e8te son identit\u00e9. Les autorit\u00e9s bulgares avaient refus\u00e9 de modifier son acte de naissance et son num\u00e9ro d\u2019identification personnel, faute de base l\u00e9gale claire dans le droit national.<\/p>\n<p>Une atteinte aux droits fondamentaux<\/p>\n<p>Dans <a href=\"https:\/\/curia.europa.eu\/jcms\/upload\/docs\/application\/pdf\/2025-09\/cp250111fr.pdf\" target=\"_blank\" rel=\"noopener nofollow\">ses conclusions<\/a>, l\u2019avocat g\u00e9n\u00e9ral souligne qu\u2019imposer des conditions m\u00e9dicales, comme une op\u00e9ration de r\u00e9assignation sexuelle, contrevient au respect de la vie priv\u00e9e, \u00e0 l\u2019int\u00e9grit\u00e9 physique et \u00e0 la dignit\u00e9 des personnes. Il estime \u00e9galement qu\u2019un tel refus entrave des droits garantis par l\u2019Union, en particulier la libert\u00e9 de circulation et de s\u00e9jour au sein du march\u00e9 int\u00e9rieur.<\/p>\n<blockquote>\n<p>\u00ab Les documents d\u2019identit\u00e9 doivent refl\u00e9ter l\u2019identit\u00e9 de genre v\u00e9cue par l\u2019individu. Exiger des preuves chirurgicales pour en b\u00e9n\u00e9ficier n\u2019est pas compatible avec les droits fondamentaux consacr\u00e9s par l\u2019UE \u00bb, affirme Richard de la Tour dans son avis, qui s\u2019inscrit aussi dans la continuit\u00e9 de la jurisprudence de la Cour europ\u00e9enne des droits humains.<\/p>\n<\/blockquote>\n<p>Un enjeu concret pour les personnes trans<\/p>\n<p>Pour les associations de d\u00e9fense des droits LGBT+, cette prise de position est historique. \u00ab Il s\u2019agit d\u2019une \u00e9tape essentielle vers la reconnaissance pleine et enti\u00e8re des personnes transgenres en Europe. Sans papiers conformes \u00e0 leur identit\u00e9, elles restent expos\u00e9es \u00e0 des discriminations et des obstacles administratifs quotidiens \u00bb, <a href=\"https:\/\/curia.europa.eu\/juris\/document\/document.jsf?cid=17257435&amp;dir=&amp;docid=303888&amp;doclang=en&amp;mode=req&amp;occ=first&amp;pageIndex=0&amp;part=1&amp;text=&amp;utm_source=chatgpt.com\" target=\"_blank\" rel=\"noopener nofollow\">souligne un militant de l\u2019ILGA-Europe<\/a>.<\/p>\n<p>L\u2019enjeu est loin d\u2019\u00eatre th\u00e9orique : voyager, travailler, signer un bail ou m\u00eame effectuer une simple d\u00e9marche bancaire devient un parcours du combattant lorsque les papiers ne correspondent pas \u00e0 l\u2019identit\u00e9 v\u00e9cue.<\/p>\n<p>Une d\u00e9cision attendue de la CJUE<\/p>\n<p>L\u2019avis de l\u2019avocat g\u00e9n\u00e9ral ne lie pas la Cour, mais il est suivi dans la majorit\u00e9 des cas. La d\u00e9cision de la CJUE, attendue dans les prochains mois, pourrait obliger la Bulgarie et d\u2019autres \u00c9tats europ\u00e9ens \u00e0 adapter leurs l\u00e9gislations pour mettre en place des proc\u00e9dures de reconnaissance de genre respectueuses des droits fondamentaux.<\/p>\n<p>Alors que plusieurs pays de l\u2019Union, dont la France, ont d\u00e9j\u00e0 assoupli leurs conditions de changement d\u2019\u00e9tat civil, d\u2019autres continuent d\u2019imposer des crit\u00e8res m\u00e9dicaux stricts. Si la Cour confirme cette orientation, c\u2019est l\u2019ensemble des pratiques nationales qui devront \u00e9voluer.<\/p>\n<p>Cet avis pr\u00e9figure donc une avanc\u00e9e d\u00e9cisive : celle d\u2019une Europe o\u00f9 les papiers d\u2019identit\u00e9 ne seraient plus l\u2019instrument d\u2019une norme impos\u00e9e \u00e0 tous, mais le reflet de la vie r\u00e9elle des personnes qu\u2019ils d\u00e9signent.<\/p>\n","protected":false},"excerpt":{"rendered":"Dans un avis rendu le 4 septembre, l\u2019avocat g\u00e9n\u00e9ral aupr\u00e8s de la Cour de justice de l\u2019Union europ\u00e9enne&hellip;\n","protected":false},"author":2,"featured_media":371699,"comment_status":"","ping_status":"","sticky":false,"template":"","format":"standard","meta":{"footnotes":""},"categories":[1586],"tags":[11,1777,674,1779,1011,27,12,25,1778,364],"class_list":{"0":"post-371698","1":"post","2":"type-post","3":"status-publish","4":"format-standard","5":"has-post-thumbnail","7":"category-europe","8":"tag-actualites","9":"tag-eu","10":"tag-europe","11":"tag-european-union","12":"tag-fr","13":"tag-france","14":"tag-news","15":"tag-republique-francaise","16":"tag-ue","17":"tag-union-europeenne"},"share_on_mastodon":{"url":"https:\/\/pubeurope.com\/@fr\/115159876466789675","error":""},"_links":{"self":[{"href":"https:\/\/www.europesays.com\/fr\/wp-json\/wp\/v2\/posts\/371698","targetHints":{"allow":["GET"]}}],"collection":[{"href":"https:\/\/www.europesays.com\/fr\/wp-json\/wp\/v2\/posts"}],"about":[{"href":"https:\/\/www.europesays.com\/fr\/wp-json\/wp\/v2\/types\/post"}],"author":[{"embeddable":true,"href":"https:\/\/www.europesays.com\/fr\/wp-json\/wp\/v2\/users\/2"}],"replies":[{"embeddable":true,"href":"https:\/\/www.europesays.com\/fr\/wp-json\/wp\/v2\/comments?post=371698"}],"version-history":[{"count":0,"href":"https:\/\/www.europesays.com\/fr\/wp-json\/wp\/v2\/posts\/371698\/revisions"}],"wp:featuredmedia":[{"embeddable":true,"href":"https:\/\/www.europesays.com\/fr\/wp-json\/wp\/v2\/media\/371699"}],"wp:attachment":[{"href":"https:\/\/www.europesays.com\/fr\/wp-json\/wp\/v2\/media?parent=371698"}],"wp:term":[{"taxonomy":"category","embeddable":true,"href":"https:\/\/www.europesays.com\/fr\/wp-json\/wp\/v2\/categories?post=371698"},{"taxonomy":"post_tag","embeddable":true,"href":"https:\/\/www.europesays.com\/fr\/wp-json\/wp\/v2\/tags?post=371698"}],"curies":[{"name":"wp","href":"https:\/\/api.w.org\/{rel}","templated":true}]}}