{"id":371700,"date":"2025-09-06T23:10:10","date_gmt":"2025-09-06T23:10:10","guid":{"rendered":"https:\/\/www.europesays.com\/fr\/371700\/"},"modified":"2025-09-06T23:10:10","modified_gmt":"2025-09-06T23:10:10","slug":"manche-un-conducteur-percute-a-vive-allure-un-groupe-de-pietons-un-mort-et-trois-blesses-graves","status":"publish","type":"post","link":"https:\/\/www.europesays.com\/fr\/371700\/","title":{"rendered":"Manche\u00a0: un conducteur percute \u00e0 vive allure un groupe de pi\u00e9tons, un mort et trois bless\u00e9s graves"},"content":{"rendered":"<p>Un dramatique accident s&rsquo;est produit ce samedi 7 septembre sur la commune de Pirou (Manche) peu apr\u00e8s 17h. Des pi\u00e9tons ont \u00e9t\u00e9 percut\u00e9s par une voiture. Le bilan provisoire fait \u00e9tat d&rsquo;un mort et trois bless\u00e9s. Le conducteur de la voiture, \u00e2g\u00e9 de plus de 70 ans, a fait un malaise.<\/p>\n<p><strong>Plusieurs pi\u00e9tons ont \u00e9t\u00e9 renvers\u00e9s<\/strong> par une voiture ce samedi 7 septembre sur la commune de Pirou. Le conducteur de la voiture, une personne \u00e2g\u00e9e de plus de 70 ans, selon le procureur de Coutances, a fait un malaise et \u00ab\u00a0a perdu le contr\u00f4le du v\u00e9hicule \u00e0 boite automatique\u00a0\u00bb. Il empruntait la rue Fernand Desplanques, avec une autre personne \u00e0 bord,\u00a0\u00bb\u00e0 tr\u00e8s vive allure, il \u00e9tait au moins \u00e0 70km\/h\u00a0\u00bb, selon des t\u00e9moins sur place.<\/p>\n<p>Apr\u00e8s avoir fauch\u00e9 les quatre pi\u00e9tons, la voiture a finalement termin\u00e9 sa route en percutant la terrasse d&rsquo;une pizzeria, avant d&rsquo;\u00eatre stopp\u00e9e par les mats qui sont au niveau de la cale, devant la SNSM. Le choc a \u00e9t\u00e9 tr\u00e8s violent. La commune est sous le choc.<\/p>\n<p><img loading=\"lazy\" decoding=\"async\" class=\"VisualPreview svelte-1rldrkz\" src=\"data:image\/jpeg;base64,\/9j\/2wBDACgcHiMeGSgjISMtKygwPGRBPDc3PHtYXUlkkYCZlo+AjIqgtObDoKrarYqMyP\/L2u71\/\/\/\/m8H\/\/\/\/6\/+b9\/\/j\/2wBDASstLTw1PHZBQXb4pYyl+Pj4+Pj4+Pj4+Pj4+Pj4+Pj4+Pj4+Pj4+Pj4+Pj4+Pj4+Pj4+Pj4+Pj4+Pj4+Pj4+Pj\/wAARCAAfACoDASIAAhEBAxEB\/8QAGAAAAwEBAAAAAAAAAAAAAAAAAAIDAQX\/xAAYEAEBAQEBAAAAAAAAAAAAAAAAEhEBAv\/EABUBAQEAAAAAAAAAAAAAAAAAAAAB\/8QAFBEBAAAAAAAAAAAAAAAAAAAAAP\/aAAwDAQACEQMRAD8A5vPJpUhsoqUiVpEoISJXkSCktk2AUuDDAC4MMEH\/2Q==\" alt=\"Plusieurs poteaux et panneaux ont \u00e9t\u00e9 endommag\u00e9s tout au long du trac\u00e9. Ils t\u00e9moignent de la vitesse du v\u00e9hicule.\" width=\"600\" height=\"450\"\/>  Plusieurs poteaux et panneaux ont \u00e9t\u00e9 endommag\u00e9s tout au long du trac\u00e9. Ils t\u00e9moignent de la vitesse du v\u00e9hicule. \u00a9 Radio France &#8211; Louis FontaineUn mort et trois bless\u00e9s graves<\/p>\n<p>Le bilan provisoire fait \u00e9tat d&rsquo;un mort et trois autres personnes, gravement bless\u00e9es, annonce ce samedi soir le procureur de Coutances,\u00a0Gauthier Poupeau. La victime d\u00e9c\u00e9d\u00e9e est une femme, \u00ab\u00a0le conducteur et trois des victimes ont plus de 70 ans\u00a0\u00bb, poursuit le procureur.<\/p>\n<p>Il ajoute que la th\u00e8se volontaire \u00ab\u00a0est formellement exclue\u00a0\u00bb. Selon la maire de la commune, \u00ab\u00a0une cellule psychologique a \u00e9t\u00e9 ouverte pour les personnes qui en ressentent le besoin\u00a0\u00bb. No\u00eblle Leforestier se dit \u00ab\u00a0triste et pense tr\u00e8s fort aux familles des victimes\u00a0\u00bb. Un poste de commandement a \u00e9t\u00e9 d\u00e9ploy\u00e9 sur place. Trente-six sapeurs-pompiers se sont rendus sur place, \u00e9paul\u00e9s pour le transport des victimes par trois h\u00e9licopt\u00e8res (Dragon 50, 76 et H\u00e9lismur 61) et six v\u00e9hicules de secours.<\/p>\n<p> <img loading=\"lazy\" decoding=\"async\" class=\"VisualPreview svelte-1rldrkz\" src=\"data:image\/jpeg;base64,\/9j\/2wBDACgcHiMeGSgjISMtKygwPGRBPDc3PHtYXUlkkYCZlo+AjIqgtObDoKrarYqMyP\/L2u71\/\/\/\/m8H\/\/\/\/6\/+b9\/\/j\/2wBDASstLTw1PHZBQXb4pYyl+Pj4+Pj4+Pj4+Pj4+Pj4+Pj4+Pj4+Pj4+Pj4+Pj4+Pj4+Pj4+Pj4+Pj4+Pj4+Pj4+Pj\/wAARCAAfACoDASIAAhEBAxEB\/8QAGAABAQEBAQAAAAAAAAAAAAAAAQIDAAT\/xAAYEAEBAQEBAAAAAAAAAAAAAAAAARESAv\/EABUBAQEAAAAAAAAAAAAAAAAAAAAB\/8QAFREBAQAAAAAAAAAAAAAAAAAAABH\/2gAMAwEAAhEDEQA\/APBPKp5VIqRKqORy1wWLRlyMa2DEoqKSdRVCjRaDqHWjQf\/Z\" alt=\"Plus de 200 m\u00e8tres avant le drame, la voiture a percut\u00e9 un panneau de signalisation.\" width=\"600\" height=\"450\"\/>  Plus de 200 m\u00e8tres avant le drame, la voiture a percut\u00e9 un panneau de signalisation. \u00a9 Radio France &#8211; Louis Fontaine <\/p>\n","protected":false},"excerpt":{"rendered":"Un dramatique accident s&rsquo;est produit ce samedi 7 septembre sur la commune de Pirou (Manche) peu apr\u00e8s 17h.&hellip;\n","protected":false},"author":2,"featured_media":371701,"comment_status":"","ping_status":"","sticky":false,"template":"","format":"standard","meta":{"footnotes":""},"categories":[2],"tags":[11,1011,27,12,25],"class_list":{"0":"post-371700","1":"post","2":"type-post","3":"status-publish","4":"format-standard","5":"has-post-thumbnail","7":"category-actualites","8":"tag-actualites","9":"tag-fr","10":"tag-france","11":"tag-news","12":"tag-republique-francaise"},"share_on_mastodon":{"url":"https:\/\/pubeurope.com\/@fr\/115159880405311612","error":""},"_links":{"self":[{"href":"https:\/\/www.europesays.com\/fr\/wp-json\/wp\/v2\/posts\/371700","targetHints":{"allow":["GET"]}}],"collection":[{"href":"https:\/\/www.europesays.com\/fr\/wp-json\/wp\/v2\/posts"}],"about":[{"href":"https:\/\/www.europesays.com\/fr\/wp-json\/wp\/v2\/types\/post"}],"author":[{"embeddable":true,"href":"https:\/\/www.europesays.com\/fr\/wp-json\/wp\/v2\/users\/2"}],"replies":[{"embeddable":true,"href":"https:\/\/www.europesays.com\/fr\/wp-json\/wp\/v2\/comments?post=371700"}],"version-history":[{"count":0,"href":"https:\/\/www.europesays.com\/fr\/wp-json\/wp\/v2\/posts\/371700\/revisions"}],"wp:featuredmedia":[{"embeddable":true,"href":"https:\/\/www.europesays.com\/fr\/wp-json\/wp\/v2\/media\/371701"}],"wp:attachment":[{"href":"https:\/\/www.europesays.com\/fr\/wp-json\/wp\/v2\/media?parent=371700"}],"wp:term":[{"taxonomy":"category","embeddable":true,"href":"https:\/\/www.europesays.com\/fr\/wp-json\/wp\/v2\/categories?post=371700"},{"taxonomy":"post_tag","embeddable":true,"href":"https:\/\/www.europesays.com\/fr\/wp-json\/wp\/v2\/tags?post=371700"}],"curies":[{"name":"wp","href":"https:\/\/api.w.org\/{rel}","templated":true}]}}