{"id":371704,"date":"2025-09-06T23:12:20","date_gmt":"2025-09-06T23:12:20","guid":{"rendered":"https:\/\/www.europesays.com\/fr\/371704\/"},"modified":"2025-09-06T23:12:20","modified_gmt":"2025-09-06T23:12:20","slug":"la-n1-mondiale-aryna-sabalenka-conserve-son-titre-apres-sa-victoire-en-finale-face-a-amanda-anisimova","status":"publish","type":"post","link":"https:\/\/www.europesays.com\/fr\/371704\/","title":{"rendered":"la n\u00b01 mondiale Aryna Sabalenka conserve son titre apr\u00e8s sa victoire en finale face \u00e0 Amanda Anisimova"},"content":{"rendered":"\n<p class=\"c-chapo \">\n  La Bi\u00e9lorusse a domin\u00e9 l&rsquo;Am\u00e9ricaine en deux sets, samedi, et remporte son seul Grand Chelem de l&rsquo;ann\u00e9e apr\u00e8s deux d\u00e9faites en finale.\n<\/p>\n<p>            lire plus tard<\/p>\n<p id=\"dialog__title\" class=\"dialog__title\">Pour sauvegarder cet article, connectez-vous ou cr\u00e9ez un compte franceinfo<\/p>\n<p class=\"dialog__description\">Sans paiement. Sans abonnement.<\/p>\n<p>        Fermer la fen\u00eatre d\u2019activation des notifications France Info<\/p>\n<p>            cr\u00e9er votre compte<\/p>\n<p>            se connecter<\/p>\n<p>        Fermer la fen\u00eatre de pr\u00e9sentation<\/p>\n<p>    <img loading=\"lazy\" decoding=\"async\" class=\"signature__image lazyload\" width=\"100\" height=\"100\" data- alt=\"\" src=\"https:\/\/www.europesays.com\/fr\/wp-content\/uploads\/2025\/05\/64a430a2e1f98_theo-rond.png\"\/><\/p>\n<p>          France T\u00e9l\u00e9visions &#8211; R\u00e9daction Sport<\/p>\n<p>    Publi\u00e9 le 07\/09\/2025 00:01<\/p>\n<p>        Temps de lecture : 2min<\/p>\n<p>    <img decoding=\"async\"  alt=\"Aryna Sabalenka lors de son deuxi\u00e8me sacre \u00e0 l'US Open, le 6 septembre 2025. (TIMOTHY A.CLARY \/ AFP)\" width=\"432\" height=\"243\" src=\"https:\/\/www.europesays.com\/fr\/wp-content\/uploads\/2025\/09\/000-73mn2rq-68bcb7013dbf2822334953.jpg\" fetchpriority=\"high\"\/><\/p>\n<p>      Aryna Sabalenka lors de son deuxi\u00e8me sacre \u00e0 l&rsquo;US Open, le 6 septembre 2025. (TIMOTHY A.CLARY \/ AFP)<\/p>\n<p>Aryna Sabalenka reste reine de New York. D\u00e9j\u00e0 sacr\u00e9e \u00e0 Flushing Meadows l&rsquo;an pass\u00e9, la Bi\u00e9lorusse a remis \u00e7a, samedi 6 septembre, en \u00e9cartant sans trembler en finale la locale Amanda Anisimova (6-3, 7-6 en 1h34). La n\u00b01 mondiale n&rsquo;a (presque) jamais trembl\u00e9 dans cette finale, et remporte son quatri\u00e8me Grand Chelem en carri\u00e8re, le deuxi\u00e8me \u00e0 l&rsquo;US Open donc, en plus de ses deux sacres \u00e0 l&rsquo;Open d&rsquo;Australie (2023 et 2024).<\/p>\n<p>Deux breaks bien plac\u00e9s au milieu de chaque set, une agressivit\u00e9 toujours aussi pr\u00e9sente et une constance : Aryna Sabalenka a utilis\u00e9 la m\u00e9thode de destruction habituelle pour \u00e9coeurer l\u2019Am\u00e9ricaine. Ses frappes puissantes en cadence ont fait craquer la joueuse de 24 ans, qui avait battu son adversaire du soir en demi-finale \u00e0 Wimbledon cet \u00e9t\u00e9. Cette fois, elle a d\u00fb se r\u00e9signer face \u00e0 une Bi\u00e9lorusse consistante, qui n&rsquo;aura perdu qu&rsquo;un set lors de cette \u00e9dition (en demie face \u00e0 Jessica Pegula).\u00a0<\/p>\n<p>Aryna Sabalenka a tout de m\u00eame eu une grosse alerte \u00e0 5-4, 30-30 dans le second set. Son smash en reculant dans le filet aurait pu lui octroyer une balle de match qui s&rsquo;est finalement transform\u00e9e en balle de break, convertie par l&rsquo;Am\u00e9ricaine qui est m\u00eame ensuite pass\u00e9e devant. Mais elle a finalement \u00e9t\u00e9 impuissante dans le jeu d\u00e9cisif, o\u00f9 Sabalenka a men\u00e9 6-1.<\/p>\n<p>Apr\u00e8s deux finales perdues en Grand Chelem en 2025 (face \u00e0 Madison Keys en Australie et <a href=\"https:\/\/www.franceinfo.fr\/roland-garros\/roland-garros-2025-c-est-le-pire-finale-que-j-ai-jamais-jouee-regrette-aryna-sabalenka-apres-sa-defaite-face-a-coco-gauff_7298346.html\" rel=\"nofollow noopener\" target=\"_blank\">face \u00e0 Coco Gauff \u00e0 Roland-Garros<\/a>), la Bi\u00e9lorusse de 27 ans a bris\u00e9 sa mauvaise s\u00e9rie et termine donc bien l&rsquo;ann\u00e9e avec un Grand Chelem remport\u00e9 pour la troisi\u00e8me saison de suite. Elle devient la premi\u00e8re depuis Serena Williams \u00e0 r\u00e9aliser le back to back \u00e0 New York. <a href=\"https:\/\/www.franceinfo.fr\/sports\/tennis\/wimbledon\/wimbledon-2025-de-la-depression-a-une-finale-en-grand-chelem-la-fin-d-une-longue-traversee-du-desert-d-amanda-anisimova_7370821.html\" rel=\"nofollow noopener\" target=\"_blank\">Amanda Anisimova<\/a>, qui ralliait sa deuxi\u00e8me finale en Grand Chelem de rang, s&rsquo;incline elle \u00e0 nouveau, <a href=\"https:\/\/www.franceinfo.fr\/sports\/tennis\/wimbledon\/wimbledon-2025-en-57-minutes-iga-swiatek-humilie-amanda-anisimova-6-0-6-0-et-remporte-son-premier-grand-chelem-britannique_7373266.html\" rel=\"nofollow noopener\" target=\"_blank\">deux mois apr\u00e8s sa rouste historique \u00e0 Wimbledon<\/a> face \u00e0 Iga Swiatek (6-0, 6-0).<\/p>\n","protected":false},"excerpt":{"rendered":"La Bi\u00e9lorusse a domin\u00e9 l&rsquo;Am\u00e9ricaine en deux sets, samedi, et remporte son seul Grand Chelem de l&rsquo;ann\u00e9e apr\u00e8s&hellip;\n","protected":false},"author":2,"featured_media":371705,"comment_status":"","ping_status":"","sticky":false,"template":"","format":"standard","meta":{"footnotes":""},"categories":[4],"tags":[11,1011,27,12,25],"class_list":{"0":"post-371704","1":"post","2":"type-post","3":"status-publish","4":"format-standard","5":"has-post-thumbnail","7":"category-france","8":"tag-actualites","9":"tag-fr","10":"tag-france","11":"tag-news","12":"tag-republique-francaise"},"share_on_mastodon":{"url":"https:\/\/pubeurope.com\/@fr\/115159888890148297","error":""},"_links":{"self":[{"href":"https:\/\/www.europesays.com\/fr\/wp-json\/wp\/v2\/posts\/371704","targetHints":{"allow":["GET"]}}],"collection":[{"href":"https:\/\/www.europesays.com\/fr\/wp-json\/wp\/v2\/posts"}],"about":[{"href":"https:\/\/www.europesays.com\/fr\/wp-json\/wp\/v2\/types\/post"}],"author":[{"embeddable":true,"href":"https:\/\/www.europesays.com\/fr\/wp-json\/wp\/v2\/users\/2"}],"replies":[{"embeddable":true,"href":"https:\/\/www.europesays.com\/fr\/wp-json\/wp\/v2\/comments?post=371704"}],"version-history":[{"count":0,"href":"https:\/\/www.europesays.com\/fr\/wp-json\/wp\/v2\/posts\/371704\/revisions"}],"wp:featuredmedia":[{"embeddable":true,"href":"https:\/\/www.europesays.com\/fr\/wp-json\/wp\/v2\/media\/371705"}],"wp:attachment":[{"href":"https:\/\/www.europesays.com\/fr\/wp-json\/wp\/v2\/media?parent=371704"}],"wp:term":[{"taxonomy":"category","embeddable":true,"href":"https:\/\/www.europesays.com\/fr\/wp-json\/wp\/v2\/categories?post=371704"},{"taxonomy":"post_tag","embeddable":true,"href":"https:\/\/www.europesays.com\/fr\/wp-json\/wp\/v2\/tags?post=371704"}],"curies":[{"name":"wp","href":"https:\/\/api.w.org\/{rel}","templated":true}]}}