{"id":371708,"date":"2025-09-06T23:16:09","date_gmt":"2025-09-06T23:16:09","guid":{"rendered":"https:\/\/www.europesays.com\/fr\/371708\/"},"modified":"2025-09-06T23:16:09","modified_gmt":"2025-09-06T23:16:09","slug":"le-double-pour-sabalenka-tombeuse-danisimova-en-finale","status":"publish","type":"post","link":"https:\/\/www.europesays.com\/fr\/371708\/","title":{"rendered":"le doubl\u00e9 pour Sabalenka, tombeuse d\u2019Anisimova en finale"},"content":{"rendered":"<p>La num\u00e9ro un mondiale a su conserver sa couronne \u00e0 New York en battant en finale l\u2019Am\u00e9ricaine Amanda Anisimova, (6-3, 7-6 [3]).<\/p>\n<p class=\"fig-paragraph\">Sur un Central au toit ferm\u00e9, la reine du circuit f\u00e9minin d\u00e9croche \u00e0 27 ans enfin sa couronne en 2025,\u00a0<a href=\"https:\/\/www.lefigaro.fr\/sports\/tennis\/live\/us-open-dames-2025\/401839\/sabalenka-anisimova\" data-fig-type=\"Live\" data-gtm-custom-categorie=\"navigation\" data-gtm-custom-action=\"crossclick\" data-gtm-custom-label=\"Contextuel\" data-gtm-event=\"customEventSPE\" data-fig-domain=\"LEFIGARO\" rel=\"nofollow noopener\" target=\"_blank\">\u00e0 l\u2019issue d\u2019un match assez d\u00e9cevant\u00a0<\/a>o\u00f9 elle s\u2019est montr\u00e9e plus solide que son adversaire, sur courant alternatif.. D\u00e9sormais quadruple laur\u00e9ate de tournois du Grand Chelem, la B\u00e9larusse avait \u00e9chou\u00e9 cette saison en finale de l\u2019Open d\u2019Australie en janvier, puis de Roland-Garros en juin. Deux d\u00e9faites qui lui ont fait du mal. Comme sa demi-finale perdue \u00e0 Wimbledon&#8230;. contre Amanda Anisimova. L\u2019heure de la revanche a sonn\u00e9. La patronne du circuit d\u00e9croche au passage ce samedi sa 100e victoire en Grand Chelem. Sabalenka est la premi\u00e8re joueuse depuis Serena Williams \u00e0 conserver son titre deux ann\u00e9es d\u2019affil\u00e9e \u00e0 Big Apple. Ce quatri\u00e8me titre du Grand Chelem lui permet bien s\u00fbr de rester n\u00b01 mondiale, avec plus de 3000 points d\u2019avance sur sa dauphine, Iga Swiatek.<\/p>\n<p class=\"fig-paragraph\">Apr\u00e8s une entame de match d\u00e9cousue o\u00f9 les deux joueuses ont encha\u00een\u00e9 breaks et d\u00e9breaks, Sabalenka a su breaker dans le septi\u00e8me jeu pour conclure le set ensuite. Anisimova ne marquant que quatre points sur les quatre derniers jeux, avec quinze fautes directes dans le premier acte et seulement 20% de points marqu\u00e9s sur ses seconds services. Trop peu pour surprendre la favorite.<\/p>\n<p>                                    <a class=\"fig-a11y-skip a11y-hidden\" href=\"#fig-a11y-skip-main-inarticle\"><br \/>\n        Passer la publicit\u00e9<br \/>\n    <\/a><\/p>\n<p class=\"fig-paragraph\">Dans le deuxi\u00e8me acte, Anisimova a su pousser son adversaire au jeu d\u00e9cisif, remport\u00e9 sans trembler par la B\u00e9larusse. \u00c0 5-4, 30A, face \u00e0 un court vide, Sabalenka a envoy\u00e9 dans le filet un smash, avant de c\u00e9der son service. Malgr\u00e9 de belles intentions, Anisimova a trop donn\u00e9 \u00e0 son adversaire dans le jeu d\u00e9cisif face \u00e0 Sabalenka qui a d\u00e9sormais remport\u00e9 21 tie-breaks cette ann\u00e9e pour un seul conc\u00e9d\u00e9\u00a0!<\/p>\n<p class=\"fig-paragraph\">Trop nerveuse, la joueuse de 24 ans bute encore sur la derni\u00e8re marche, apr\u00e8s Wimbledon et sa terrible d\u00e9faite 6-0, 6-0 face \u00e0 Iga Swiatek. Sur sa balle de match, Sabalenka est tomb\u00e9e \u00e0 genoux apr\u00e8s un service gagnant. Soulag\u00e9e de d\u00e9crocher son quatri\u00e8me sacre en Grand Chelem apr\u00e8s ses pr\u00e9c\u00e9dentes d\u00e9sillusions en 2025. La peur de la saison blanche est bel et bien effac\u00e9e pour la meilleure joueuse du monde.<\/p>\n","protected":false},"excerpt":{"rendered":"La num\u00e9ro un mondiale a su conserver sa couronne \u00e0 New York en battant en finale l\u2019Am\u00e9ricaine Amanda&hellip;\n","protected":false},"author":2,"featured_media":371709,"comment_status":"","ping_status":"","sticky":false,"template":"","format":"standard","meta":{"footnotes":""},"categories":[1415],"tags":[7615,1011,27,60,1467,4172],"class_list":{"0":"post-371708","1":"post","2":"type-post","3":"status-publish","4":"format-standard","5":"has-post-thumbnail","7":"category-tennis","8":"tag-aryna-sabalenka","9":"tag-fr","10":"tag-france","11":"tag-sports","12":"tag-tennis","13":"tag-us-open"},"share_on_mastodon":{"url":"https:\/\/pubeurope.com\/@fr\/115159903970122869","error":""},"_links":{"self":[{"href":"https:\/\/www.europesays.com\/fr\/wp-json\/wp\/v2\/posts\/371708","targetHints":{"allow":["GET"]}}],"collection":[{"href":"https:\/\/www.europesays.com\/fr\/wp-json\/wp\/v2\/posts"}],"about":[{"href":"https:\/\/www.europesays.com\/fr\/wp-json\/wp\/v2\/types\/post"}],"author":[{"embeddable":true,"href":"https:\/\/www.europesays.com\/fr\/wp-json\/wp\/v2\/users\/2"}],"replies":[{"embeddable":true,"href":"https:\/\/www.europesays.com\/fr\/wp-json\/wp\/v2\/comments?post=371708"}],"version-history":[{"count":0,"href":"https:\/\/www.europesays.com\/fr\/wp-json\/wp\/v2\/posts\/371708\/revisions"}],"wp:featuredmedia":[{"embeddable":true,"href":"https:\/\/www.europesays.com\/fr\/wp-json\/wp\/v2\/media\/371709"}],"wp:attachment":[{"href":"https:\/\/www.europesays.com\/fr\/wp-json\/wp\/v2\/media?parent=371708"}],"wp:term":[{"taxonomy":"category","embeddable":true,"href":"https:\/\/www.europesays.com\/fr\/wp-json\/wp\/v2\/categories?post=371708"},{"taxonomy":"post_tag","embeddable":true,"href":"https:\/\/www.europesays.com\/fr\/wp-json\/wp\/v2\/tags?post=371708"}],"curies":[{"name":"wp","href":"https:\/\/api.w.org\/{rel}","templated":true}]}}