{"id":371712,"date":"2025-09-06T23:19:18","date_gmt":"2025-09-06T23:19:18","guid":{"rendered":"https:\/\/www.europesays.com\/fr\/371712\/"},"modified":"2025-09-06T23:19:18","modified_gmt":"2025-09-06T23:19:18","slug":"si-la-gauche-arrive-a-matignon-lr-a-trouve-une-formule-pour-camoufler-ses-divisions","status":"publish","type":"post","link":"https:\/\/www.europesays.com\/fr\/371712\/","title":{"rendered":"Si la gauche arrive \u00e0 Matignon, LR a trouv\u00e9 une formule pour camoufler ses divisions"},"content":{"rendered":"<p class=\"mb-4 text-lg md:leading-8 break-words\">POLITIQUE &#8211; C\u2019est l\u2019hypoth\u00e8se qui a mis le parti de droite sens dessus dessous. Alors que le Parti socialiste <a href=\"https:\/\/fr.news.yahoo.com\/olivier-faure-veut-frayer-chemin-050210334.html\" data-ylk=\"slk:se place pour Matignon;elm:context_link;itc:0;sec:content-canvas;outcm:mb_qualified_link;_E:mb_qualified_link;ct:story;\" class=\"link  yahoo-link\" target=\"_blank\" rel=\"noopener\">se place pour Matignon<\/a> en anticipant la chute annonc\u00e9e de <a href=\"https:\/\/fr.news.yahoo.com\/dissolution-d%C3%A9mission-macron-fran%C3%A7ais-pr%C3%A9f%C3%A9rence-050015925.html\" data-ylk=\"slk:Fran\u00e7ois Bayrou;elm:context_link;itc:0;sec:content-canvas;outcm:mb_qualified_link;_E:mb_qualified_link;ct:story;\" class=\"link  yahoo-link\" target=\"_blank\" rel=\"noopener\">Fran\u00e7ois Bayrou<\/a>, Les R\u00e9publicains ont fait \u00e9talage de leurs divisions sur le sujet. Il y a, d\u2019un c\u00f4t\u00e9, Laurent Wauquiez, qui a laiss\u00e9 entendre que ses troupes \u00e0 l\u2019Assembl\u00e9e ne censureront pas un gouvernement de gauche, pas plus qu\u2019un ex\u00e9cutif RN.<\/p>\n<p class=\"mb-4 text-lg md:leading-8 break-words\">Ce qui, de l\u2019autre, a fait bondir le pr\u00e9sident du parti, Bruno Retailleau. \u00ab\u00a0Si un gouvernement socialiste devait mener une politique contraire aux int\u00e9r\u00eats de la France, le devoir de la droite serait de l\u2019emp\u00eacher\u00a0\u00bb, a-t-il r\u00e9pliqu\u00e9, se gardant bien de pr\u00e9ciser s\u2019il r\u00e9serverait le m\u00eame sort \u00e0 l\u2019extr\u00eame droite. R\u00e9unie \u00e0 Port-Marly pour sa rentr\u00e9e politique, la formation de droite a manifestement trouv\u00e9 une formule qui met tout le monde d\u2019accord, et qui permet (surtout) de mettre la cacophonie en sourdine.<\/p>\n<p class=\"mb-4 text-lg md:leading-8 break-words\"><a href=\"https:\/\/fr.news.yahoo.com\/pourquoi-vid%C3%A9o-legrand-cohen-ps-094218982.html\" data-ylk=\"slk:Pourquoi la vid\u00e9o Legrand-Cohen avec le PS a tout pour d\u00e9clencher une bronca opportuniste;elm:context_link;itc:0;sec:content-canvas;outcm:mb_qualified_link;_E:mb_qualified_link;ct:story;\" class=\"link  yahoo-link\" target=\"_blank\" rel=\"noopener\"> Pourquoi la vid\u00e9o Legrand-Cohen avec le PS a tout pour d\u00e9clencher une bronca opportuniste <\/a><\/p>\n<p class=\"mb-4 text-lg md:leading-8 break-words\">Du moins pour quelque temps. \u00ab\u00a0Si la gauche est \u00e0 Matignon, la droite sera dans l\u2019opposition\u00a0\u00bb, a pr\u00e9venu ce samedi 6\u00a0septembre le secr\u00e9taire g\u00e9n\u00e9ral de LR Othman Nasrou, affirmant qu\u2019une telle issue n\u2019aurait \u00ab\u00a0pas d\u2019assentiment\u00a0\u00bb de la droite.<\/p>\n<p>Ligne de cr\u00eate<\/p>\n<p class=\"mb-4 text-lg md:leading-8 break-words\">Subtile (ou non), la pirouette permet de ne pas r\u00e9pondre \u00e0 la seule question qui compte dans cette Assembl\u00e9e divis\u00e9e en trois blocs, et qui pr\u00e9sidera la d\u00e9cision d\u2019Emmanuel Macron en la mati\u00e8re\u00a0: Les R\u00e9publicains censureront-ils automatiquement un gouvernement dirig\u00e9 par un socialiste\u00a0? D\u00e9sireux de se distinguer de ceux qui participent \u00e0 l\u2019instabilit\u00e9, tout en souhaitant se d\u00e9marquer de la Macronie et de son \u00ab\u00a0en m\u00eame temps\u00a0\u00bb, le parti de Bruno Retailleau, tiraill\u00e9 entre la \u00ab\u00a0responsabilit\u00e9\u00a0\u00bb et l\u2019affirmation politique, marche sur une ligne de cr\u00eate.<\/p>\n<p class=\"mb-4 text-lg md:leading-8 break-words\">D\u2019o\u00f9 la n\u00e9cessit\u00e9 de trouver une formule qui rassemble, un tant soit peu, tout le monde, alors que les d\u00e9put\u00e9s LR ne vont pas tous voter<a href=\"https:\/\/fr.news.yahoo.com\/vote-confiance-fran%C3%A7ois-bayrou-sem%C3%A9-163007458.html\" data-ylk=\"slk:la confiance \u00e0 Fran\u00e7ois Bayrou lundi prochain;elm:context_link;itc:0;sec:content-canvas;outcm:mb_qualified_link;_E:mb_qualified_link;ct:story;\" class=\"link  yahoo-link\" target=\"_blank\" rel=\"noopener\"> la confiance \u00e0 Fran\u00e7ois Bayrou lundi prochain<\/a>. C\u2019est aussi la position exprim\u00e9e peu avant par le pr\u00e9sident du S\u00e9nat G\u00e9rard Larcher, qui a affirm\u00e9 que son parti ne pouvait envisager un \u00ab\u00a0accord de gouvernement avec le PS\u00a0\u00bb. Il est plus que probable que ce soit r\u00e9ciproque c\u00f4t\u00e9 socialiste.<\/p>\n<p class=\"mb-4 text-lg md:leading-8 break-words\"><a href=\"https:\/\/fr.news.yahoo.com\/conjoint-pierre-yves-cadalen-d%C3%A9put%C3%A9-145248862.html\" data-ylk=\"slk:Le conjoint de Pierre-Yves Cadalen, d\u00e9put\u00e9 LFI, agress\u00e9 en Bretagne, l\u2019\u00e9lu d\u00e9nonce un acte homophobe;elm:context_link;itc:0;sec:content-canvas;outcm:mb_qualified_link;_E:mb_qualified_link;ct:story;\" class=\"link  yahoo-link\" target=\"_blank\" rel=\"noopener\"> Le conjoint de Pierre-Yves Cadalen, d\u00e9put\u00e9 LFI, agress\u00e9 en Bretagne, l\u2019\u00e9lu d\u00e9nonce un acte homophobe <\/a><\/p>\n<p class=\"mb-4 text-lg md:leading-8 break-words\"><a href=\"https:\/\/fr.news.yahoo.com\/thomas-legrand-s-explique-apr%C3%A8s-134159876.html\" data-ylk=\"slk:Thomas Legrand s\u2019explique apr\u00e8s les vid\u00e9os pol\u00e9miques avec des cadres du PS, le parti r\u00e9fute \u00ab\u00a0toute collusion\u00a0\u00bb;elm:context_link;itc:0;sec:content-canvas;outcm:mb_qualified_link;_E:mb_qualified_link;ct:story;\" class=\"link  yahoo-link\" target=\"_blank\" rel=\"noopener\"> Thomas Legrand s\u2019explique apr\u00e8s les vid\u00e9os pol\u00e9miques avec des cadres du PS, le parti r\u00e9fute \u00ab\u00a0toute collusion\u00a0\u00bb <\/a><\/p>\n","protected":false},"excerpt":{"rendered":"POLITIQUE &#8211; C\u2019est l\u2019hypoth\u00e8se qui a mis le parti de droite sens dessus dessous. Alors que le Parti&hellip;\n","protected":false},"author":2,"featured_media":371713,"comment_status":"","ping_status":"","sticky":false,"template":"","format":"standard","meta":{"footnotes":""},"categories":[1412],"tags":[1013,1451,1452,1453,1454,1455,1011,27,431,3541,50576,48975,60],"class_list":{"0":"post-371712","1":"post","2":"type-post","3":"status-publish","4":"format-standard","5":"has-post-thumbnail","7":"category-f1","8":"tag-bruno-retailleau","9":"tag-f1","10":"tag-formula-1","11":"tag-formula1","12":"tag-formule-1","13":"tag-formule1","14":"tag-fr","15":"tag-france","16":"tag-francois-bayrou","17":"tag-parti-socialiste","18":"tag-port-marly","19":"tag-rentree-politique","20":"tag-sports"},"share_on_mastodon":{"url":"https:\/\/pubeurope.com\/@fr\/115159915792179578","error":""},"_links":{"self":[{"href":"https:\/\/www.europesays.com\/fr\/wp-json\/wp\/v2\/posts\/371712","targetHints":{"allow":["GET"]}}],"collection":[{"href":"https:\/\/www.europesays.com\/fr\/wp-json\/wp\/v2\/posts"}],"about":[{"href":"https:\/\/www.europesays.com\/fr\/wp-json\/wp\/v2\/types\/post"}],"author":[{"embeddable":true,"href":"https:\/\/www.europesays.com\/fr\/wp-json\/wp\/v2\/users\/2"}],"replies":[{"embeddable":true,"href":"https:\/\/www.europesays.com\/fr\/wp-json\/wp\/v2\/comments?post=371712"}],"version-history":[{"count":0,"href":"https:\/\/www.europesays.com\/fr\/wp-json\/wp\/v2\/posts\/371712\/revisions"}],"wp:featuredmedia":[{"embeddable":true,"href":"https:\/\/www.europesays.com\/fr\/wp-json\/wp\/v2\/media\/371713"}],"wp:attachment":[{"href":"https:\/\/www.europesays.com\/fr\/wp-json\/wp\/v2\/media?parent=371712"}],"wp:term":[{"taxonomy":"category","embeddable":true,"href":"https:\/\/www.europesays.com\/fr\/wp-json\/wp\/v2\/categories?post=371712"},{"taxonomy":"post_tag","embeddable":true,"href":"https:\/\/www.europesays.com\/fr\/wp-json\/wp\/v2\/tags?post=371712"}],"curies":[{"name":"wp","href":"https:\/\/api.w.org\/{rel}","templated":true}]}}