{"id":371716,"date":"2025-09-06T23:21:14","date_gmt":"2025-09-06T23:21:14","guid":{"rendered":"https:\/\/www.europesays.com\/fr\/371716\/"},"modified":"2025-09-06T23:21:14","modified_gmt":"2025-09-06T23:21:14","slug":"le-debrief-a-chaud-de-bordeaux-saumur-2-1","status":"publish","type":"post","link":"https:\/\/www.europesays.com\/fr\/371716\/","title":{"rendered":"Le D\u00e9brief \u00e0 Chaud de Bordeaux-Saumur (2-1)"},"content":{"rendered":"<p>\n    06\/09 &#8211; 21:41 | Par la r\u00e9daction | Il y a<br \/>\n    4 heures\n  <\/p>\n<p><strong>Suivez le D\u00e9brief \u00e0 Chaud en direct du match entre les Girondins de Bordeaux et l&rsquo;Oympique Saumur,  4e journ\u00e9e de N2, avec Nicolas Pietrelli de WebGirondins, Fr\u00e9d\u00e9ric Si\u00e8ze, Guillaume, Patrick, et la participation de Laurent Crocis de L&rsquo;\u00c9quipe. Saison 2025-2026, poule A.<\/strong><\/p>\n<p>    <a href=\"https:\/\/www.webgirondins.com\/actualites-categorie-webgirondins-tv-12\" target=\"_blank\" rel=\"noopener\">#WebGirondins TV<\/a><br \/>\n    <a href=\"https:\/\/www.webgirondins.com\/actualites-categorie-le-debrief-88\" target=\"_blank\" rel=\"noopener\">#Le D\u00e9brief<\/a><\/p>\n<p>  COMMENTAIRES<br \/>\n  ()<\/p>\n","protected":false},"excerpt":{"rendered":"06\/09 &#8211; 21:41 | Par la r\u00e9daction | Il y a 4 heures Suivez le D\u00e9brief \u00e0 Chaud&hellip;\n","protected":false},"author":2,"featured_media":323589,"comment_status":"","ping_status":"","sticky":false,"template":"","format":"standard","meta":{"footnotes":""},"categories":[1410],"tags":[3396,1997,6100,12111,814,2834,63,1011,27,14143,1987,14721,3465,955,3957,50577,12012,17676,3470,16527,60,5237,5238],"class_list":{"0":"post-371716","1":"post","2":"type-post","3":"status-publish","4":"format-standard","5":"has-post-thumbnail","7":"category-football","8":"tag-avec","9":"tag-bordeaux","10":"tag-chaud","11":"tag-debrief","12":"tag-direct","13":"tag-entre","14":"tag-football","15":"tag-fr","16":"tag-france","17":"tag-frederic","18":"tag-girondins","19":"tag-guillaume","20":"tag-journee","21":"tag-match","22":"tag-nicolas","23":"tag-oympique","24":"tag-patrick","25":"tag-pietrelli","26":"tag-saumur","27":"tag-sieze","28":"tag-sports","29":"tag-suivez","30":"tag-webgirondins"},"share_on_mastodon":{"url":"https:\/\/pubeurope.com\/@fr\/115159923649299643","error":""},"_links":{"self":[{"href":"https:\/\/www.europesays.com\/fr\/wp-json\/wp\/v2\/posts\/371716","targetHints":{"allow":["GET"]}}],"collection":[{"href":"https:\/\/www.europesays.com\/fr\/wp-json\/wp\/v2\/posts"}],"about":[{"href":"https:\/\/www.europesays.com\/fr\/wp-json\/wp\/v2\/types\/post"}],"author":[{"embeddable":true,"href":"https:\/\/www.europesays.com\/fr\/wp-json\/wp\/v2\/users\/2"}],"replies":[{"embeddable":true,"href":"https:\/\/www.europesays.com\/fr\/wp-json\/wp\/v2\/comments?post=371716"}],"version-history":[{"count":0,"href":"https:\/\/www.europesays.com\/fr\/wp-json\/wp\/v2\/posts\/371716\/revisions"}],"wp:featuredmedia":[{"embeddable":true,"href":"https:\/\/www.europesays.com\/fr\/wp-json\/wp\/v2\/media\/323589"}],"wp:attachment":[{"href":"https:\/\/www.europesays.com\/fr\/wp-json\/wp\/v2\/media?parent=371716"}],"wp:term":[{"taxonomy":"category","embeddable":true,"href":"https:\/\/www.europesays.com\/fr\/wp-json\/wp\/v2\/categories?post=371716"},{"taxonomy":"post_tag","embeddable":true,"href":"https:\/\/www.europesays.com\/fr\/wp-json\/wp\/v2\/tags?post=371716"}],"curies":[{"name":"wp","href":"https:\/\/api.w.org\/{rel}","templated":true}]}}