{"id":371717,"date":"2025-09-06T23:22:10","date_gmt":"2025-09-06T23:22:10","guid":{"rendered":"https:\/\/www.europesays.com\/fr\/371717\/"},"modified":"2025-09-06T23:22:10","modified_gmt":"2025-09-06T23:22:10","slug":"sa-fille-est-a-lecole-americaine-de-marrakech-le-prix-onereux-des-frais-de-scolarite","status":"publish","type":"post","link":"https:\/\/www.europesays.com\/fr\/371717\/","title":{"rendered":"sa fille est \u00e0 l\u2019\u00c9cole Am\u00e9ricaine de Marrakech, le prix on\u00e9reux des frais de scolarit\u00e9"},"content":{"rendered":"<p><strong>La vie fascinante d\u00a0\u00bbAdriana Karembeu : entre<br \/>\nr\u00e9v\u00e9lations et d\u00e9vouement maternel<\/strong><\/p>\n<p>La vie des c\u00e9l\u00e9brit\u00e9s fascine et intrigue le grand public depuis<br \/>\ntoujours. Leurs choix, leurs amours et leurs d\u00e9fis sont souvent<br \/>\nscrut\u00e9s avec attention. <strong>Adriana Karembeu<\/strong>, figure<br \/>\nembl\u00e9matique et appr\u00e9ci\u00e9e, ne fait certainement pas exception \u00e0 la<br \/>\nr\u00e8gle. M\u00e8re d\u00e9vou\u00e9e, elle partage volontiers des bribes de son<br \/>\nquotidien avec sa communaut\u00e9.<\/p>\n<p>R\u00e9cemment, plusieurs <strong>r\u00e9v\u00e9lations<\/strong> ont \u00e9clairci<br \/>\ncertains aspects de sa vie priv\u00e9e. Ces confidences offrent un<br \/>\nregard nouveau sur ses priorit\u00e9s en tant que femme et m\u00e8re. Les<br \/>\n<strong>d\u00e9cisions prises par Adriana Karembeu pour l&rsquo;avenir de sa<br \/>\nfille<\/strong> sont particuli\u00e8rement r\u00e9v\u00e9latrices. Elles dessinent<br \/>\nle portrait d&rsquo;une maman pr\u00eate \u00e0 tout pour le bonheur de son<br \/>\nenfant.<\/p>\n<p>Adriana Karembeu et une s\u00e9paration en douceur pour sa<br \/>\nfille<\/p>\n<p>Il y a quelques semaines, <a href=\"https:\/\/www.melty.fr\/people\/apres-sa-separation-adriana-karembeu-balance-sur-cette-difficulte-ce-nest-jamais-agreable-2258024.html\" target=\"_blank\" rel=\"noopener\"><br \/>\ndes confidences ont refait surface sur sa<br \/>\n<strong>rupture<\/strong><\/a>. Des histoires d\u2019amour marquantes,<br \/>\n<strong>Adriana Karembeu<\/strong> en a effectivement v\u00e9cu<br \/>\nplusieurs. Sa s\u00e9paration avec <strong>Aram Ohanian<\/strong>, rendue<br \/>\npublique fin 2022, a \u00e9t\u00e9 g\u00e9r\u00e9e intelligemment. Elle a d&rsquo;ailleurs<br \/>\naffirm\u00e9 : \u00ab Nous restons soud\u00e9s pour tout ce qui concerne notre<br \/>\nfille \u00bb. Leur priorit\u00e9 absolue a toujours \u00e9t\u00e9 de<br \/>\n<strong>prot\u00e9ger la petite Nina<\/strong> des tumultes.<\/p>\n<p><strong>Adriana Karembeu<\/strong> a expliqu\u00e9 cette d\u00e9cision<br \/>\nm\u00fbrement r\u00e9fl\u00e9chie avec une grande lucidit\u00e9. \u00ab Une relation qui<br \/>\nse termine, cela n&rsquo;est pas forc\u00e9ment n\u00e9gatif \u00bb, a-t-elle<br \/>\nadmis. Elle a transform\u00e9 cet amour pass\u00e9 en une solide amiti\u00e9 avec<br \/>\nson ex-mari. Cette maturit\u00e9 face \u00e0 la rupture \u00e9claire aussi ses<br \/>\nconfidences pass\u00e9es sur leur vie commune.<\/p>\n<p>Les confidences surprenantes d&rsquo;Adriana Karembeu sur son<br \/>\nintimit\u00e9<\/p>\n<p>L\u2019animatrice <a href=\"https:\/\/www.melty.fr\/people\/en-couple-adriana-karembeu-balance-sur-son-intimite-il-dort-dans-une-autre-piece-2257491.html\" target=\"_blank\" rel=\"noopener\"><br \/>\nn\u2019a jamais eu peur d\u2019\u00e9voquer sa <strong>vie priv\u00e9e<\/strong> avec<br \/>\nune franchise<\/a> d\u00e9concertante. Il y a quelques jours, d&rsquo;anciennes<br \/>\nd\u00e9clarations sur son couple ont \u00e9t\u00e9 rappel\u00e9es. <strong>Adriana<br \/>\nKarembeu<\/strong> a toujours admir\u00e9 le temp\u00e9rament de son mari<br \/>\nd&rsquo;alors. Elle a m\u00eame d\u00e9clar\u00e9 \u00e0 son sujet : \u00ab Je choisis<br \/>\nsyst\u00e9matiquement des hommes indomptables \u00bb. Cette admiration<br \/>\nprofonde t\u00e9moignait de la force de leur lien \u00e0 cette \u00e9poque.<\/p>\n<p>Elle a partag\u00e9 une anecdote \u00e9tonnante sur leur vie au Maroc<br \/>\navant la s\u00e9paration. \u00ab Aram, lui, dort dans une autre pi\u00e8ce<br \/>\n\u00bb, a-t-elle r\u00e9v\u00e9l\u00e9 avec beaucoup de naturel. L&rsquo;organisation de<br \/>\nleur <strong>vie \u00e0 Marrakech<\/strong>, enti\u00e8rement pens\u00e9e autour du<br \/>\n<strong>bien-\u00eatre de Nina<\/strong>, se traduit aujourd&rsquo;hui par des<br \/>\nchoix forts, notamment pour son \u00e9ducation.<\/p>\n<p>Une scolarit\u00e9 dor\u00e9e pour Nina \u00e0 l&rsquo;\u00e9cole<br \/>\nam\u00e9ricaine de Marrakech<\/p>\n<p>Ce lundi 1er septembre, <strong>Adriana Karembeu<\/strong> a<br \/>\npartag\u00e9 une photo de la rentr\u00e9e. Sa fille <strong>Nina<\/strong>,<br \/>\n\u00e2g\u00e9e de 7 ans, a int\u00e9gr\u00e9 l\u2019<strong>\u00e9cole am\u00e9ricaine de<br \/>\nMarrakech<\/strong>. Cet \u00e9tablissement prestigieux offre un<br \/>\nprogramme \u00e9ducatif particuli\u00e8rement rigoureux et tr\u00e8s \u00e9quilibr\u00e9. Il<br \/>\npromet un environnement d\u2019apprentissage exceptionnel pour explorer<br \/>\nles centres d\u2019int\u00e9r\u00eat des enfants.<\/p>\n<p>Le choix d&rsquo;<strong>Adriana Karembeu<\/strong> pour<br \/>\nl\u2019<strong>\u00e9ducation de sa fille<\/strong> repr\u00e9sente un<br \/>\ninvestissement cons\u00e9quent. La scolarit\u00e9 en primaire co\u00fbte en effet<br \/>\npr\u00e8s de <strong>12 341 euros par an<\/strong>. \u00c0 cela s&rsquo;ajoutent<br \/>\n\u00e9galement des frais annuels et un droit d&rsquo;inscription unique. Cela<br \/>\nd\u00e9montre une fois de plus la volont\u00e9 de la m\u00e8re de famille<br \/>\nd&rsquo;<strong>offrir le meilleur avenir possible \u00e0 sa<br \/>\nfille<\/strong>.<\/p>\n","protected":false},"excerpt":{"rendered":"La vie fascinante d\u00a0\u00bbAdriana Karembeu : entre r\u00e9v\u00e9lations et d\u00e9vouement maternel La vie des c\u00e9l\u00e9brit\u00e9s fascine et intrigue&hellip;\n","protected":false},"author":2,"featured_media":371718,"comment_status":"","ping_status":"","sticky":false,"template":"","format":"standard","meta":{"footnotes":""},"categories":[1359],"tags":[6382,58,59,1011,27,973],"class_list":{"0":"post-371717","1":"post","2":"type-post","3":"status-publish","4":"format-standard","5":"has-post-thumbnail","7":"category-people","8":"tag-adriana-karembeu","9":"tag-divertissement","10":"tag-entertainment","11":"tag-fr","12":"tag-france","13":"tag-people"},"share_on_mastodon":{"url":"https:\/\/pubeurope.com\/@fr\/115159927531816805","error":""},"_links":{"self":[{"href":"https:\/\/www.europesays.com\/fr\/wp-json\/wp\/v2\/posts\/371717","targetHints":{"allow":["GET"]}}],"collection":[{"href":"https:\/\/www.europesays.com\/fr\/wp-json\/wp\/v2\/posts"}],"about":[{"href":"https:\/\/www.europesays.com\/fr\/wp-json\/wp\/v2\/types\/post"}],"author":[{"embeddable":true,"href":"https:\/\/www.europesays.com\/fr\/wp-json\/wp\/v2\/users\/2"}],"replies":[{"embeddable":true,"href":"https:\/\/www.europesays.com\/fr\/wp-json\/wp\/v2\/comments?post=371717"}],"version-history":[{"count":0,"href":"https:\/\/www.europesays.com\/fr\/wp-json\/wp\/v2\/posts\/371717\/revisions"}],"wp:featuredmedia":[{"embeddable":true,"href":"https:\/\/www.europesays.com\/fr\/wp-json\/wp\/v2\/media\/371718"}],"wp:attachment":[{"href":"https:\/\/www.europesays.com\/fr\/wp-json\/wp\/v2\/media?parent=371717"}],"wp:term":[{"taxonomy":"category","embeddable":true,"href":"https:\/\/www.europesays.com\/fr\/wp-json\/wp\/v2\/categories?post=371717"},{"taxonomy":"post_tag","embeddable":true,"href":"https:\/\/www.europesays.com\/fr\/wp-json\/wp\/v2\/tags?post=371717"}],"curies":[{"name":"wp","href":"https:\/\/api.w.org\/{rel}","templated":true}]}}