{"id":371719,"date":"2025-09-06T23:24:17","date_gmt":"2025-09-06T23:24:17","guid":{"rendered":"https:\/\/www.europesays.com\/fr\/371719\/"},"modified":"2025-09-06T23:24:17","modified_gmt":"2025-09-06T23:24:17","slug":"entre-bernard-werber-et-la-coree-du-sud-un-grand-amour-reciproque-liberation","status":"publish","type":"post","link":"https:\/\/www.europesays.com\/fr\/371719\/","title":{"rendered":"Entre Bernard Werber et la Cor\u00e9e du Sud, un grand amour r\u00e9ciproque \u2013 Lib\u00e9ration"},"content":{"rendered":"<p class=\"sc-cPiKLX AiZTS text-element\">Un frisson d\u2019excitation parcourt la salle de concert du S\u00e9oul Arts Center. Bernard Werber vient de faire son entr\u00e9e sur sc\u00e8ne. Ce 27 ao\u00fbt au soir, l\u2019\u00e9crivain fran\u00e7ais s\u2019appr\u00eate \u00e0 d\u00e9cliner face \u00e0 2500 spectateurs des morceaux choisis de son roman le Temps des Chim\u00e8res (Albin Michel, 2023), une performance entrecoup\u00e9e d\u2019interm\u00e8des musicaux jou\u00e9s par ses partenaires du soir, la fl\u00fbtiste Jasmine Choi, le guitariste Denis Sungho et la vingtaine de musiciens de l\u2019orchestre Sejong Soloists. <\/p>\n<p class=\"sc-cPiKLX AiZTS text-element\">En Cor\u00e9e du Sud, <a href=\"https:\/\/www.liberation.fr\/culture\/livres\/bernard-werber-des-fourmis-et-lhomme-20220522_NC3QJ7BQXRHEBME3EATUXRIZBI\/\" target=\"_blank\" rel=\"noopener\" title=\"https:\/\/www.liberation.fr\/culture\/livres\/bernard-werber-des-fourmis-et-lhomme-20220522_NC3QJ7BQXRHEBME3EATUXRIZBI\/\">Werber<\/a> peut sortir de sa zone de confort, tant la popularit\u00e9 dont il jouit dans ce petit bout de p\u00e9ninsule de 51 millions d\u2019habitants est immense. \u00abTout le monde conna\u00eet Bernard Werber en Cor\u00e9e\u00bb, r\u00e9sume Kim Sun-ho, qui confesse mal conna\u00eetre l\u2019\u0153uvre du Toulousain de naissance mais qui est venu assister \u00e0 sa performance du jour. \u00abAu d\u00e9part, j\u2019ai trouv\u00e9 les Fourmis (Albin Michel, 1991) au rayon best-sellers de ma librairie\u00bb, raconte Baek Jae-eun. Fan de post-apo et de science-fiction, l\u2019\u00e9tudiante de 21 ans a ador\u00e9 le dernier roman du Fran\u00e7ais et a profit\u00e9 de son pass culture pour assister au concert, pour lequel il fallait d\u00e9bourser un peu plus de 90 euros pour une place en par <\/p>\n","protected":false},"excerpt":{"rendered":"Un frisson d\u2019excitation parcourt la salle de concert du S\u00e9oul Arts Center. Bernard Werber vient de faire son&hellip;\n","protected":false},"author":2,"featured_media":371720,"comment_status":"","ping_status":"","sticky":false,"template":"","format":"standard","meta":{"footnotes":""},"categories":[1357],"tags":[1379,10488,5640,58,59,1011,27,1380],"class_list":{"0":"post-371719","1":"post","2":"type-post","3":"status-publish","4":"format-standard","5":"has-post-thumbnail","7":"category-livres","8":"tag-books","9":"tag-cahier-livres","10":"tag-coree-du-sud","11":"tag-divertissement","12":"tag-entertainment","13":"tag-fr","14":"tag-france","15":"tag-livres"},"share_on_mastodon":{"url":"https:\/\/pubeurope.com\/@fr\/115159935490695904","error":""},"_links":{"self":[{"href":"https:\/\/www.europesays.com\/fr\/wp-json\/wp\/v2\/posts\/371719","targetHints":{"allow":["GET"]}}],"collection":[{"href":"https:\/\/www.europesays.com\/fr\/wp-json\/wp\/v2\/posts"}],"about":[{"href":"https:\/\/www.europesays.com\/fr\/wp-json\/wp\/v2\/types\/post"}],"author":[{"embeddable":true,"href":"https:\/\/www.europesays.com\/fr\/wp-json\/wp\/v2\/users\/2"}],"replies":[{"embeddable":true,"href":"https:\/\/www.europesays.com\/fr\/wp-json\/wp\/v2\/comments?post=371719"}],"version-history":[{"count":0,"href":"https:\/\/www.europesays.com\/fr\/wp-json\/wp\/v2\/posts\/371719\/revisions"}],"wp:featuredmedia":[{"embeddable":true,"href":"https:\/\/www.europesays.com\/fr\/wp-json\/wp\/v2\/media\/371720"}],"wp:attachment":[{"href":"https:\/\/www.europesays.com\/fr\/wp-json\/wp\/v2\/media?parent=371719"}],"wp:term":[{"taxonomy":"category","embeddable":true,"href":"https:\/\/www.europesays.com\/fr\/wp-json\/wp\/v2\/categories?post=371719"},{"taxonomy":"post_tag","embeddable":true,"href":"https:\/\/www.europesays.com\/fr\/wp-json\/wp\/v2\/tags?post=371719"}],"curies":[{"name":"wp","href":"https:\/\/api.w.org\/{rel}","templated":true}]}}