{"id":371721,"date":"2025-09-06T23:25:11","date_gmt":"2025-09-06T23:25:11","guid":{"rendered":"https:\/\/www.europesays.com\/fr\/371721\/"},"modified":"2025-09-06T23:25:11","modified_gmt":"2025-09-06T23:25:11","slug":"touche-pas-au-bouton-bouleverse-par-un-talent-matt-pokora-supplie-ses-camarades-de-the-voice-kids-de-ne-pas-se-retourner","status":"publish","type":"post","link":"https:\/\/www.europesays.com\/fr\/371721\/","title":{"rendered":"\u00ab\u00a0Touche pas au bouton\u00a0!\u00a0\u00bb\u00a0: Boulevers\u00e9 par un talent, Matt Pokora supplie ses camarades de \u00ab\u00a0The Voice Kids\u00a0\u00bb de ne pas se retourner"},"content":{"rendered":"<p class=\"text-left ap-StoryElement ap-StoryElement--mb ap-StoryText\">Plusieurs belles surprises attendaient les coachs de <a href=\"https:\/\/www.dhnet.be\/medias\/television\/2025\/08\/30\/on-sest-eclate-et-ca-va-se-voir-the-voice-kids-revient-ce-samedi-avec-un-nouveau-banc-de-coachs-sur-tf1-RNI7TFUDIBFHVKFNKSOQUGIC4A\/\" target=\"_self\" rel=\"noopener\">The Voice Kids<\/a>, ce samedi soir, lors de la deuxi\u00e8me audition \u00e0 l&rsquo;aveugle de cette onzi\u00e8me saison. Apr\u00e8s avoir \u00e9t\u00e9 tous \u00e9mus par la prestation exceptionnelle de Ninon, sourde de naissance, les coachs se sont retrouv\u00e9s dos \u00e0 Gabriela, une jeune suisse de 15 ans venue interpr\u00e9ter de sa voix envo\u00fbtante Hope there&rsquo;s someone d&rsquo;Anthony\u00a0&amp;\u00a0the Johnsons.<\/p>\n<p class=\"text-left ap-StoryElement ap-StoryElement--mb ap-StoryText\">Conquis par le talent de la jeune fille originaire de Lausanne, Matt Pokora, les larmes aux yeux, se retourne et supplie ses camarades de fauteuils de ne pas buzzer. Cette candidate, il la veut dans son \u00e9quipe\u00a0! \u00ab\u00a0Touche pas au bouton\u2026 Touche pas\u00a0!!!\u00a0\u00bb, dit-il \u00e0 Patrick Fiori.<\/p>\n","protected":false},"excerpt":{"rendered":"Plusieurs belles surprises attendaient les coachs de The Voice Kids, ce samedi soir, lors de la deuxi\u00e8me audition&hellip;\n","protected":false},"author":2,"featured_media":371722,"comment_status":"","ping_status":"","sticky":false,"template":"","format":"standard","meta":{"footnotes":""},"categories":[1356],"tags":[9499,1350,35,14822,37966,50578,10006,58,19816,59,1219,50579,1011,27,9519,37971,8798,38792,1238,9026,16865,26399,252,26403,1364,37975,26404,27952],"class_list":{"0":"post-371721","1":"post","2":"type-post","3":"status-publish","4":"format-standard","5":"has-post-thumbnail","7":"category-television","8":"tag-adult","9":"tag-architecture","10":"tag-business","11":"tag-business-finance-and-industry","12":"tag-businessman","13":"tag-businesswoman","14":"tag-city","15":"tag-divertissement","16":"tag-emotion","17":"tag-entertainment","18":"tag-female","19":"tag-formal-wear","20":"tag-fr","21":"tag-france","22":"tag-happiness","23":"tag-mature-adult","24":"tag-men","25":"tag-museum","26":"tag-person","27":"tag-portrait","28":"tag-royals","29":"tag-smiling","30":"tag-television","31":"tag-togetherness","32":"tag-tv","33":"tag-two-people","34":"tag-waist-up","35":"tag-women"},"share_on_mastodon":{"url":"https:\/\/pubeurope.com\/@fr\/115159939443549407","error":""},"_links":{"self":[{"href":"https:\/\/www.europesays.com\/fr\/wp-json\/wp\/v2\/posts\/371721","targetHints":{"allow":["GET"]}}],"collection":[{"href":"https:\/\/www.europesays.com\/fr\/wp-json\/wp\/v2\/posts"}],"about":[{"href":"https:\/\/www.europesays.com\/fr\/wp-json\/wp\/v2\/types\/post"}],"author":[{"embeddable":true,"href":"https:\/\/www.europesays.com\/fr\/wp-json\/wp\/v2\/users\/2"}],"replies":[{"embeddable":true,"href":"https:\/\/www.europesays.com\/fr\/wp-json\/wp\/v2\/comments?post=371721"}],"version-history":[{"count":0,"href":"https:\/\/www.europesays.com\/fr\/wp-json\/wp\/v2\/posts\/371721\/revisions"}],"wp:featuredmedia":[{"embeddable":true,"href":"https:\/\/www.europesays.com\/fr\/wp-json\/wp\/v2\/media\/371722"}],"wp:attachment":[{"href":"https:\/\/www.europesays.com\/fr\/wp-json\/wp\/v2\/media?parent=371721"}],"wp:term":[{"taxonomy":"category","embeddable":true,"href":"https:\/\/www.europesays.com\/fr\/wp-json\/wp\/v2\/categories?post=371721"},{"taxonomy":"post_tag","embeddable":true,"href":"https:\/\/www.europesays.com\/fr\/wp-json\/wp\/v2\/tags?post=371721"}],"curies":[{"name":"wp","href":"https:\/\/api.w.org\/{rel}","templated":true}]}}