{"id":371723,"date":"2025-09-06T23:26:10","date_gmt":"2025-09-06T23:26:10","guid":{"rendered":"https:\/\/www.europesays.com\/fr\/371723\/"},"modified":"2025-09-06T23:26:10","modified_gmt":"2025-09-06T23:26:10","slug":"comme-elle-sa-mere-etait-une-celebre-chanteuse","status":"publish","type":"post","link":"https:\/\/www.europesays.com\/fr\/371723\/","title":{"rendered":"comme elle, sa m\u00e8re \u00e9tait une c\u00e9l\u00e8bre chanteuse !"},"content":{"rendered":"<p><img decoding=\"async\" src=\"https:\/\/www.europesays.com\/fr\/wp-content\/uploads\/2025\/09\/photo_1756915113.jpg\" class=\"textcenter img-content\" loading=\"lazy\"\/>Bestimage<br \/>\n<br \/>\nSanta s&rsquo;av\u00e8re \u00eatre une adversaire coriace dans \u00ab\u00a0The Voice Kids\u00a0\u00bb. Durant la premi\u00e8re soir\u00e9e des auditions \u00e0 l&rsquo;aveugle, la chanteuse a r\u00e9cup\u00e9r\u00e9 dans son \u00e9quipe deux talents en or : Wylie, dont la reprise d&rsquo;un tube de Chappell Roan en fait d\u00e9j\u00e0 <a href=\"https:\/\/www.chartsinfrance.net\/The-Voice\/news-133160.html\" target=\"_blank\" class=\"spip_out\" rel=\"nofollow noopener\">\u00ab\u00a0la future gagnante\u00a0\u00bb pour certains<\/a>, et Diego, avec qui la star ni\u00e7oise <a href=\"https:\/\/www.chartsinfrance.net\/actualite\/news-133643.html\" target=\"_blank\" class=\"spip_out\" rel=\"nofollow noopener\">a chant\u00e9 \u00ab\u00a0Vivre pour le meilleur\u00a0\u00bb de Johnny Hallyday en duo<\/a>. \u00ab Santa nous a mis la gifle d&rsquo;entr\u00e9e \u00bb r\u00e9sume Patrick Fiori, tandis que Soprano salue son exigence pointue : \u00ab Santa, je pense qu&rsquo;elle a sa place dans \u00ab\u00a0The Voice\u00a0\u00bb version adultes parce que c&rsquo;est une passionn\u00e9e de musique. C&rsquo;est une musicienne \u00bb. Une passion qui est une affaire de famille ! En effet, sa m\u00e8re Diana Eckert, d&rsquo;origine am\u00e9ricaine, a elle aussi <a href=\"https:\/\/www.chartsinfrance.net\/Santa\/news-131556.html\" target=\"_blank\" class=\"spip_out\" rel=\"nofollow noopener\">exerc\u00e9 le m\u00e9tier de chanteuse<\/a> et marqu\u00e9 son temps.<\/p>\n<p>Le player Dailymotion est en train de se charger&#8230;<\/p>\n<p>\u00ab\u00a0Un peu de son chant est pass\u00e9 dans ma voix\u00a0\u00bb<br \/>\nRetour dans les ann\u00e9es 80. En arrivant en France, Diana Eckert fonde le groupe de rock f\u00e9minin Daisy Duck avec la guitariste Ma\u00ef Calleja et la bassiste Myriam Escudier. Le groupe s&rsquo;illustre alors dans un registre pop-rock bubble gum avec les singles \u00ab\u00a0\u00c7a suffit\u00a0\u00bb, \u00ab\u00a0Copie pas\u00a0\u00bb ou \u00ab\u00a0Betty Boop\u00a0\u00bb, qui lui vaut une petite renomm\u00e9e. En f\u00e9vrier dans l&rsquo;\u00e9mission \u00ab\u00a0Quelle \u00e9poque !\u00a0\u00bb, L\u00e9a Salam\u00e9 avait diffus\u00e9 pour Santa un reportage pass\u00e9 \u00e0 l&rsquo;\u00e9poque sur Antenne 2, l&rsquo;anc\u00eatre de France 2, \u00e0 propos de sa m\u00e8re disparue pr\u00e9matur\u00e9ment en 2019 \u00e0 l&rsquo;\u00e2ge de 61 ans. L&rsquo;animatrice soulignait alors leur ressemblance&#8230; \u00ab Je me le souhaite, je me le souhaite. Oui, un peu de son chant est pass\u00e9 dans ma voix \u00bb confiait l&rsquo;interpr\u00e8te de <a href=\"https:\/\/www.chartsinfrance.net\/Santa\/news-127285.html\" target=\"_blank\" class=\"spip_out\" rel=\"nofollow noopener\">\u00ab\u00a0Popcorn sal\u00e9\u00a0\u00bb<\/a>, \u00e9mue, qui a \u00e9galement perdu son papa en 2010. \u00ab Tous deux lui ont appris \u00e0 s&rsquo;aimer. Ils \u00e9taient exigeants et en m\u00eame temps, dans un \u00e9lan de libert\u00e9 totale. J&rsquo;ai eu le luxe d&rsquo;\u00eatre aim\u00e9e et comprise. J&rsquo;ai \u00e9t\u00e9 un enfant un peu en avance mais pas du tout en avance avec mes \u00e9motions et ils ont compris \u00e7a \u00bb r\u00e9v\u00e9lait-elle.<\/p>\n<blockquote class=\"quote\"><p><b>\u00c0 LIRE &#8211;<\/b> <a href=\"https:\/\/www.chartsinfrance.net\/actualite\/news-133614.html\" target=\"_blank\" class=\"spip_out\" rel=\"nofollow noopener\">\u00ab\u00a0Je suis queer\u00a0\u00bb : la confession touchante de Santa dans \u00ab\u00a0The Voice Kids\u00a0\u00bb<\/a><\/p><\/blockquote>\n<p>\nLe 14 f\u00e9vrier dernier durant les Victoires de la Musique 2025, Santa a triomph\u00e9 en <a href=\"https:\/\/www.chartsinfrance.net\/actualite\/news-131594.html\" target=\"_blank\" class=\"spip_out\" rel=\"nofollow noopener\">remportant le prix du Meilleur album<\/a> pour son premier disque solo <a href=\"https:\/\/www.chartsinfrance.net\/Santa\/news-131053.html\" target=\"_blank\" class=\"spip_out\" rel=\"nofollow noopener\">\u00ab\u00a0Recommence-moi\u00a0\u00bb<\/a>. Et c&rsquo;est avec une grande \u00e9motion qu&rsquo;elle a d\u00e9di\u00e9 son troph\u00e9e \u00e0 ses parents, au cours d&rsquo;un discours tr\u00e8s personnel : \u00ab Je d\u00e9die cette victoire \u00e0 mes parents, et cet album aussi. Un peu de vos voix est pass\u00e9 dans mon chant, et vous vivez un peu puisque je vous survis. Vous ne le saurez peut-\u00eatre jamais, mais j&rsquo;esp\u00e8re qu&rsquo;au paradis il fait beau \u00bb. De nature \u00ab pudique \u00bb, Santa avait ce soir-l\u00e0 laiss\u00e9 d\u00e9border ces sentiments. \u00ab Je m&rsquo;interdis ces \u00e9panchements d&rsquo;impudeur. C&rsquo;est la premi\u00e8re fois que je l&rsquo;\u00e9coute, parce que je n&rsquo;ai pas vraiment pr\u00e9par\u00e9 ce discours et je pense que tout est sorti un peu en d\u00e9sordre mais avec le coeur \u00bb avait-elle expliqu\u00e9 sur Europe 1 au lendemain de cette victoire tr\u00e8s symbolique.<\/p>\n","protected":false},"excerpt":{"rendered":"Bestimage Santa s&rsquo;av\u00e8re \u00eatre une adversaire coriace dans \u00ab\u00a0The Voice Kids\u00a0\u00bb. Durant la premi\u00e8re soir\u00e9e des auditions \u00e0&hellip;\n","protected":false},"author":2,"featured_media":371724,"comment_status":"","ping_status":"","sticky":false,"template":"","format":"standard","meta":{"footnotes":""},"categories":[1355],"tags":[58,59,1011,27,1361,873],"class_list":{"0":"post-371723","1":"post","2":"type-post","3":"status-publish","4":"format-standard","5":"has-post-thumbnail","7":"category-musique","8":"tag-divertissement","9":"tag-entertainment","10":"tag-fr","11":"tag-france","12":"tag-music","13":"tag-musique"},"share_on_mastodon":{"url":"https:\/\/pubeurope.com\/@fr\/115159943750521907","error":""},"_links":{"self":[{"href":"https:\/\/www.europesays.com\/fr\/wp-json\/wp\/v2\/posts\/371723","targetHints":{"allow":["GET"]}}],"collection":[{"href":"https:\/\/www.europesays.com\/fr\/wp-json\/wp\/v2\/posts"}],"about":[{"href":"https:\/\/www.europesays.com\/fr\/wp-json\/wp\/v2\/types\/post"}],"author":[{"embeddable":true,"href":"https:\/\/www.europesays.com\/fr\/wp-json\/wp\/v2\/users\/2"}],"replies":[{"embeddable":true,"href":"https:\/\/www.europesays.com\/fr\/wp-json\/wp\/v2\/comments?post=371723"}],"version-history":[{"count":0,"href":"https:\/\/www.europesays.com\/fr\/wp-json\/wp\/v2\/posts\/371723\/revisions"}],"wp:featuredmedia":[{"embeddable":true,"href":"https:\/\/www.europesays.com\/fr\/wp-json\/wp\/v2\/media\/371724"}],"wp:attachment":[{"href":"https:\/\/www.europesays.com\/fr\/wp-json\/wp\/v2\/media?parent=371723"}],"wp:term":[{"taxonomy":"category","embeddable":true,"href":"https:\/\/www.europesays.com\/fr\/wp-json\/wp\/v2\/categories?post=371723"},{"taxonomy":"post_tag","embeddable":true,"href":"https:\/\/www.europesays.com\/fr\/wp-json\/wp\/v2\/tags?post=371723"}],"curies":[{"name":"wp","href":"https:\/\/api.w.org\/{rel}","templated":true}]}}