{"id":371725,"date":"2025-09-06T23:27:21","date_gmt":"2025-09-06T23:27:21","guid":{"rendered":"https:\/\/www.europesays.com\/fr\/371725\/"},"modified":"2025-09-06T23:27:21","modified_gmt":"2025-09-06T23:27:21","slug":"cest-lhistoire-dun-chemin-de-vie-seme-dembuches-marie-gillain-et-gregory-gadebois-evoquent-leur-film-une-place-pour-pierrot","status":"publish","type":"post","link":"https:\/\/www.europesays.com\/fr\/371725\/","title":{"rendered":"C&rsquo;est l&rsquo;histoire d&rsquo;un chemin de vie sem\u00e9 d&#8217;emb\u00fbches\u00a0\u00bb, Marie Gillain et Gr\u00e9gory Gadebois \u00e9voquent leur film \u00ab\u00a0Une place pour Pierrot"},"content":{"rendered":"<p>\n  Isabelle Layer recevait les com\u00e9diens Marie Gillain et Gr\u00e9gory Gadebois samedi 6 septembre sur Franceinfo.\n<\/p>\n<p><strong>Ce texte correspond \u00e0 une partie de la retranscription du reportage ci-dessus. Cliquez sur la vid\u00e9o pour la regarder en int\u00e9gralit\u00e9.<\/strong><\/p>\n<p>Elle se bat jusqu&rsquo;au bout pour que son fr\u00e8re <a href=\"https:\/\/www.franceinfo.fr\/societe\/education\/autisme-le-parcours-du-combattant-des-familles-pour-faire-scolariser-leurs-enfants_7157622.html\" target=\"_blank\" rel=\"noopener nofollow\">autiste<\/a> ait une vie d\u00e9cente. Elle, c&rsquo;est Camille, lui, c&rsquo;est Pierrot, magnifiquement interpr\u00e9t\u00e9s par Marie Gillain et Gr\u00e9gory Gadebois. Tous deux sont \u00e0 l\u2019affiche de Une place pour Pierrot en salle le 10 septembre.<\/p>\n<p><strong>Isabelle Layer :<\/strong> \u00ab\u00a0Une place pour Pierrot\u00a0\u00bb, c&rsquo;est l&rsquo;histoire de qui, de quoi ?<\/p>\n<p><strong>Marie Gillain : <\/strong>C&rsquo;est l&rsquo;histoire d&rsquo;un chemin de vie sem\u00e9 d&#8217;emb\u00fbches. C&rsquo;est l&rsquo;histoire d&rsquo;une transformation. C&rsquo;est le combat de Camille qui veut que son fr\u00e8re puisse d\u00e9velopper tous ses potentiels, qu&rsquo;il soit \u00e0 sa place, qu&rsquo;il soit heureux, \u00e9panoui. Et c&rsquo;est aussi la transformation de Camille qui va enfin pouvoir s&rsquo;accorder de l&rsquo;espace et de la place \u00e0 elle-m\u00eame.<\/p>\n<p><strong>Isabelle Layer : <\/strong>Oui, parce qu&rsquo;au d\u00e9but du film, Camille se rend compte qu&rsquo;on surm\u00e9dicamente son fr\u00e8re et elle est compl\u00e8tement choqu\u00e9e. Elle en est malade.<\/p>\n<p><strong>Marie Gillain : <\/strong>Oui, on comprend quand le film commence que \u00e7a fait des ann\u00e9es qu&rsquo;elle se confronte \u00e0 des difficult\u00e9s de ce type. Son fr\u00e8re est dans un foyer m\u00e9dicalis\u00e9 qui n&rsquo;est pas adapt\u00e9 \u00e0 sa situation, il a besoin d&rsquo;\u00eatre stimul\u00e9, qu&rsquo;on lui accorde de la confiance. On doit lui apprendre l&rsquo;autonomie et c&rsquo;est tout l&rsquo;inverse qui se passe. Il est surm\u00e9dicament\u00e9 et donc il est compl\u00e8tement abruti. On sent que c&rsquo;est un trop-plein et elle d\u00e9cide d&rsquo;aller rechercher son fr\u00e8re et de l&rsquo;enlever du foyer m\u00e9dicalis\u00e9.<\/p>\n<p><strong>Isabelle Layer :<\/strong> Elle enl\u00e8ve son fr\u00e8re et voil\u00e0 que son fr\u00e8re, qui finalement \u00e9tait tellement drogu\u00e9 qu&rsquo;il ne disait rien, il \u00e9tait prostr\u00e9, reprend vie. Qu&rsquo;est-ce qui se passe dans sa t\u00eate quand il est chez sa s\u0153ur ?<\/p>\n<p><strong>Gr\u00e9gory Gadebois :<\/strong> C&rsquo;est l&rsquo;endroit au monde o\u00f9 il est le mieux. C&rsquo;est un petit peu une partie du probl\u00e8me aussi, c&rsquo;est qu&rsquo;il est bien qu&rsquo;avec sa s\u0153ur et sa ni\u00e8ce. Il est content de retourner chez sa s\u0153ur, parce que c&rsquo;est le seul endroit o\u00f9 il a une place, finalement. Sa s\u0153ur et sa ni\u00e8ce sont les seules qui le laissent vivre comme il est, finalement, qui se contentent d&rsquo;adapter le quotidien \u00e0 sa personnalit\u00e9. C&rsquo;est \u00e7a son probl\u00e8me, en fait, c&rsquo;est qu&rsquo;il est diff\u00e9rent, mais on est tous diff\u00e9rents. Lui, il est un peu plus diff\u00e9rent que la moyenne.<\/p>\n<p><strong>Isabelle Layer : <\/strong>On parle d&rsquo;<a href=\"https:\/\/france3-regions.franceinfo.fr\/normandie\/seine-maritime\/havre\/pierre-richard-ovationne-par-le-public-du-havre-pour-son-film-sur-l-autisme-3212213.html\" rel=\"nofollow noopener\" target=\"_blank\">autisme<\/a>, on se dit que ce ne sont pas forc\u00e9ment des personnes autonomes. Et en fait, il y a vraiment une certaine autonomie et vous l\u2019accompagnez l\u00e0-dessus.<\/p>\n<p><strong>Marie Gillain : <\/strong>Oui, Camille, on comprend que \u00e7a fait des ann\u00e9es qu&rsquo;elle se creuse la t\u00eate aussi pour savoir ce qui est le mieux pour lui, pour qu&rsquo;il vive bien. Et donc, le travail de l&rsquo;autonomie, c&rsquo;est un travail au quotidien.<\/p>\n<p><strong>Gr\u00e9gory Gadebois :<\/strong> J&rsquo;avais bien l&rsquo;id\u00e9e qu&rsquo;il n&rsquo;\u00e9tait pas autonome dans le monde dans lequel nous avons choisi de vivre. Mais lui, il n&rsquo;a pas cet acc\u00e8s-l\u00e0. Il est autonome dans un monde qui n&rsquo;existe que pour lui.<\/p>\n<p><strong>Isabelle Layer :<\/strong> Camille est tr\u00e8s entour\u00e9e, c&rsquo;est super, mais elle prend tellement sur elle, c&rsquo;est-\u00e0-dire qu&rsquo;elle doit g\u00e9rer son fr\u00e8re et les petites b\u00eatises qu&rsquo;il fait. Elle est avocate, elle a son boss sur le dos \u00e9galement, elle a une fille, et en fait, elle prend tellement, m\u00eame trop, pour elle, qu&rsquo;elle est dans le d\u00e9ni, en fait.<\/p>\n<p><strong>Marie Gillain : <\/strong>Je pense qu&rsquo;elle a r\u00e9ussi \u00e0 mettre en place un ch\u00e2teau de cartes qui est assez fragile et, en fait, elle est dans l&rsquo;action donc elle est aussi dans une forme d&rsquo;ultra-contr\u00f4le. C&rsquo;est sa fa\u00e7on \u00e0 elle d&rsquo;avoir l&rsquo;impression qu&rsquo;elle n&rsquo;est pas impuissante. Elle va devoir petit \u00e0 petit accorder davantage de confiance aux autres, en son fr\u00e8re, et finalement, accepter des mains qui lui sont tendues. C&rsquo;est vrai qu&rsquo;elle a une forme de d\u00e9ni, mais le film raconte aussi que <a href=\"https:\/\/www.franceinfo.fr\/replay-radio\/france-info-seniors\/les-aidants-les-vacances-le-repit-est-ce-possible_6634224.html\" rel=\"nofollow noopener\" target=\"_blank\">les aidants<\/a> ne sont pas des \u00eatres parfaits, ce sont des gens qui ont une charge mentale tr\u00e8s lourde et qui, \u00e0 certains moments, p\u00e8tent les plombs, craquent, pleurent, sont en col\u00e8re, et le film le montre vraiment bien.<\/p>\n<p><strong>Isabelle Layer :<\/strong> En France, il y a plus ou moins 10 millions d&rsquo;aidants, c&rsquo;est-\u00e0-dire 15 % de la population qui ont en charge un proche qui est handicap\u00e9 ou malade. Donc c&rsquo;est vraiment \u00e9norme. \u00c7a parle de plein de gens. C&rsquo;est important de leur rendre hommage. Alors notre cher Pierrot, il a envie d&rsquo;\u00eatre amoureux ?<\/p>\n<p><strong>Gr\u00e9gory Gadebois :<\/strong> Oui.<\/p>\n<p><strong>Isabelle Layer : <\/strong>Comment \u00e7a se passe quand il est amoureux, Pierrot ?<\/p>\n<p><strong>Gr\u00e9gory Gadebois :<\/strong> Il le dit. Et puis l\u00e0, \u00e7a ne marche pas cette fois-ci. \u00c7a n&rsquo;a pas march\u00e9. Mais je pense qu&rsquo;il rencontrera un jour l&rsquo;amour. J&rsquo;aime bien cette id\u00e9e.<\/p>\n<p><strong>Isabelle Layer : <\/strong>Vous avez tourn\u00e9 d&rsquo;ailleurs avec des personnes autistes. Comment \u00e7a s&rsquo;est pass\u00e9 ?<\/p>\n<p><strong>Gr\u00e9gory Gadebois : <\/strong>C&rsquo;\u00e9tait super. Il fallait faire attention \u00e0 ne pas que ce soit trop p\u00e9nible. \u00c7a fait partie des choses que nous, on s&rsquo;interdit : quand ils en ont marre, ils s&rsquo;en vont. Quand ils ne sont pas d&rsquo;accord, ils ne le font pas. Il n&rsquo;y a rien de plus contraignant qu&rsquo;un tournage. C&rsquo;est tr\u00e8s laborieux de faire un film. C&rsquo;est long, on refait la m\u00eame chose, c&rsquo;est tr\u00e8s ennuyeux. Mais ils \u00e9taient tr\u00e8s professionnels. Ce n&rsquo;\u00e9tait pas des improvisations qu&rsquo;on faisait.<\/p>\n","protected":false},"excerpt":{"rendered":"Isabelle Layer recevait les com\u00e9diens Marie Gillain et Gr\u00e9gory Gadebois samedi 6 septembre sur Franceinfo. Ce texte correspond&hellip;\n","protected":false},"author":2,"featured_media":371726,"comment_status":"","ping_status":"","sticky":false,"template":"","format":"standard","meta":{"footnotes":""},"categories":[1354],"tags":[58,59,1346,1011,27,1360],"class_list":{"0":"post-371725","1":"post","2":"type-post","3":"status-publish","4":"format-standard","5":"has-post-thumbnail","7":"category-films","8":"tag-divertissement","9":"tag-entertainment","10":"tag-films","11":"tag-fr","12":"tag-france","13":"tag-movies"},"share_on_mastodon":{"url":"https:\/\/pubeurope.com\/@fr\/115159947296690564","error":""},"_links":{"self":[{"href":"https:\/\/www.europesays.com\/fr\/wp-json\/wp\/v2\/posts\/371725","targetHints":{"allow":["GET"]}}],"collection":[{"href":"https:\/\/www.europesays.com\/fr\/wp-json\/wp\/v2\/posts"}],"about":[{"href":"https:\/\/www.europesays.com\/fr\/wp-json\/wp\/v2\/types\/post"}],"author":[{"embeddable":true,"href":"https:\/\/www.europesays.com\/fr\/wp-json\/wp\/v2\/users\/2"}],"replies":[{"embeddable":true,"href":"https:\/\/www.europesays.com\/fr\/wp-json\/wp\/v2\/comments?post=371725"}],"version-history":[{"count":0,"href":"https:\/\/www.europesays.com\/fr\/wp-json\/wp\/v2\/posts\/371725\/revisions"}],"wp:featuredmedia":[{"embeddable":true,"href":"https:\/\/www.europesays.com\/fr\/wp-json\/wp\/v2\/media\/371726"}],"wp:attachment":[{"href":"https:\/\/www.europesays.com\/fr\/wp-json\/wp\/v2\/media?parent=371725"}],"wp:term":[{"taxonomy":"category","embeddable":true,"href":"https:\/\/www.europesays.com\/fr\/wp-json\/wp\/v2\/categories?post=371725"},{"taxonomy":"post_tag","embeddable":true,"href":"https:\/\/www.europesays.com\/fr\/wp-json\/wp\/v2\/tags?post=371725"}],"curies":[{"name":"wp","href":"https:\/\/api.w.org\/{rel}","templated":true}]}}