{"id":371727,"date":"2025-09-06T23:28:12","date_gmt":"2025-09-06T23:28:12","guid":{"rendered":"https:\/\/www.europesays.com\/fr\/371727\/"},"modified":"2025-09-06T23:28:12","modified_gmt":"2025-09-06T23:28:12","slug":"un-hopital-algerien-signe-une-avancee-scientifique-mondiale-dans-limmunologie","status":"publish","type":"post","link":"https:\/\/www.europesays.com\/fr\/371727\/","title":{"rendered":"Un h\u00f4pital alg\u00e9rien signe une avanc\u00e9e scientifique mondiale dans l\u2019immunologie"},"content":{"rendered":"<p>Le Centre hospitalo-universitaire (CHU) de Beni Messous \u00e0 Alger a franchi une \u00e9tape majeure dans le domaine <strong>m\u00e9dical<\/strong> et <strong>scientifique<\/strong>. Son \u00e9quipe de recherche vient de publier un article dans la prestigieuse revue internationale <strong>Frontiers in Immunology<\/strong>, mettant en lumi\u00e8re la d\u00e9couverte d\u2019une mutation g\u00e9n\u00e9tique rare dans le g\u00e8ne <strong>CD19<\/strong>, responsable d\u2019un <strong>d\u00e9ficit immunitaire combin\u00e9<\/strong>.<\/p>\n<p>L\u2019\u00e9tude, intitul\u00e9e \u00ab Nouvelle mutation du g\u00e8ne CD19 causant un d\u00e9ficit immunitaire combin\u00e9 : \u00e9tude de cas sur une famille alg\u00e9rienne \u00bb, r\u00e9v\u00e8le l\u2019existence d\u2019une alt\u00e9ration g\u00e9n\u00e9tique qui affecte gravement le <strong>syst\u00e8me immunitaire<\/strong>. Cette mutation expose les personnes atteintes \u00e0 des <strong>infections r\u00e9currentes<\/strong> d\u00e8s la petite enfance, compromettant leur capacit\u00e9 \u00e0 se d\u00e9fendre contre les agents <strong>pathog\u00e8nes<\/strong>.<\/p>\n<p><strong>\ud83d\udfe2 \u00c0 LIRE AUSSI : <a href=\"https:\/\/www.algerie360.com\/sante-saidal-scelle-une-alliance-pleine-de-promesses-avec-un-leader-americain\/\" rel=\"nofollow noopener\" target=\"_blank\">Sant\u00e9 : Saidal scelle une alliance pleine de promesses avec un leader am\u00e9ricain<\/a><\/strong><\/p>\n<p>Les chercheurs expliquent que le g\u00e8ne CD19 joue un r\u00f4le cl\u00e9 dans l\u2019activation des <strong>cellules B<\/strong>, essentielles pour produire des <strong>anticorps<\/strong> et prot\u00e9ger l\u2019organisme. Sa mutation impacte donc directement les d\u00e9fenses immunitaires, ouvrant la voie \u00e0 de nouvelles pistes pour comprendre et traiter les <strong>maladies li\u00e9es aux d\u00e9ficits immunitaires primaires<\/strong>.<\/p>\n<p><a href=\"https:\/\/bit.ly\/3w4oo8S\" target=\"_blank\" title=\"Votre destination sant\u00e9, le Centre m\u00e9dical Anadolu\" rel=\"nofollow noopener\"> <img loading=\"lazy\" decoding=\"async\" src=\"data:image\/svg+xml,%3Csvg%20xmlns=\" http:=\"\" data-src=\"https:\/\/www.europesays.com\/fr\/wp-content\/uploads\/2025\/09\/AMC_728_90_Corporate_v1.jpg.webp\" class=\"img-fluid lazy\" width=\"728\" height=\"90\" alt=\"Votre destination sant\u00e9, le Centre m\u00e9dical Anadolu\" data-smush-webp-fallback=\"{&quot;src&quot;:&quot;https:\\\/\\\/www.algerie360.com\\\/wp-content\\\/uploads\\\/2022\\\/05\\\/AMC_728_90_Corporate_v1.jpg&quot;}\"\/><\/a><br \/>\n<a href=\"https:\/\/bit.ly\/3w4oo8S\" target=\"_blank\" title=\"Votre destination sant\u00e9, le Centre m\u00e9dical Anadolu\" rel=\"nofollow noopener\"> <img loading=\"lazy\" decoding=\"async\" src=\"data:image\/svg+xml,%3Csvg%20xmlns=\" http:=\"\" data-src=\"https:\/\/www.europesays.com\/fr\/wp-content\/uploads\/2025\/09\/AMC_300_250_Corporate_v1-1.jpg.webp\" class=\"img-fluid lazy\" width=\"300\" height=\"250\" alt=\"Votre destination sant\u00e9, le Centre m\u00e9dical Anadolu\" data-smush-webp-fallback=\"{&quot;src&quot;:&quot;https:\\\/\\\/www.algerie360.com\\\/wp-content\\\/uploads\\\/2022\\\/05\\\/AMC_300_250_Corporate_v1-1.jpg&quot;}\"\/><\/a>D\u00e9couverte d\u2019une Mutation G\u00e9n\u00e9tique Rare au CHU de Beni Messous<\/p>\n<p>Cette d\u00e9couverte majeure r\u00e9alis\u00e9e au <strong>CHU de Beni Messous<\/strong> repr\u00e9sente une avanc\u00e9e significative dans la compr\u00e9hension des d\u00e9ficits immunitaires. L\u2019identification de cette mutation rare du g\u00e8ne CD19 ouvre des perspectives prometteuses pour le diagnostic et le traitement de ces maladies.<\/p>\n<p>L\u2019\u00e9tude, men\u00e9e par l\u2019\u00e9quipe de recherche du CHU, a mis en \u00e9vidence l\u2019impact de cette mutation sur le syst\u00e8me immunitaire des patients. Les r\u00e9sultats de cette recherche, publi\u00e9s dans la revue Frontiers in Immunology, contribuent \u00e0 l\u2019avancement des connaissances scientifiques dans ce domaine.<\/p>\n<p>Collaboration Internationale et Impact sur la Recherche M\u00e9dicale<\/p>\n<p>Le CHU de Beni Messous souligne que ce travail est le fruit d\u2019une <strong>collaboration internationale<\/strong> entre son service d\u2019immunologie et plusieurs centres scientifiques \u00e9trangers. Les experts \u00e9trangers associ\u00e9s ont salu\u00e9 la qualit\u00e9 de la recherche et l\u2019implication du personnel m\u00e9dical et scientifique alg\u00e9rien.<\/p>\n<p><strong>\ud83d\udfe2 \u00c0 LIRE AUSSI : <a href=\"https:\/\/www.algerie360.com\/industrie-pharmaceutique-lalgerie-vise-de-nouveaux-marches-a-liatf-2025\/\" rel=\"nofollow noopener\" target=\"_blank\">Industrie pharmaceutique : l\u2019Alg\u00e9rie vise de nouveaux march\u00e9s \u00e0 l\u2019IATF-2025<\/a><\/strong><\/p>\n<p>Pour les responsables de l\u2019\u00e9tude, cet accomplissement illustre la capacit\u00e9 du chercheur alg\u00e9rien \u00e0 contribuer activement \u00e0 l\u2019avanc\u00e9e des <strong>sciences m\u00e9dicales<\/strong> et confirme le r\u00f4le des institutions de sant\u00e9 du pays dans le d\u00e9veloppement de la <strong>recherche biom\u00e9dicale<\/strong>.<\/p>\n<p>Au-del\u00e0 de sa valeur acad\u00e9mique, cette d\u00e9couverte repr\u00e9sente une avanc\u00e9e pour le <strong>diagnostic pr\u00e9coce<\/strong> et la prise en charge cibl\u00e9e des patients atteints de maladies immunitaires rares. Elle pourrait \u00e9galement servir de base pour le d\u00e9veloppement de <strong>th\u00e9rapies innovantes<\/strong>, notamment dans les domaines de l\u2019<strong>immunoth\u00e9rapie<\/strong> et de la lutte contre certaines pathologies canc\u00e9reuses.<\/p>\n<p>Cette d\u00e9couverte prometteuse met en lumi\u00e8re l\u2019importance de la recherche scientifique et de la collaboration internationale pour faire progresser la m\u00e9decine et am\u00e9liorer la sant\u00e9 des patients. Le CHU de Beni Messous se positionne ainsi comme un acteur cl\u00e9 de la recherche m\u00e9dicale en Alg\u00e9rie.<\/p>\n<p><strong>\ud83d\udfe2 \u00c0 LIRE AUSSI : <a href=\"https:\/\/www.algerie360.com\/iatf-2025-lalgerie-ouvre-ses-portes-a-lafrique-avec-175-partenariats-en-ligne-de-mire\/\" rel=\"nofollow noopener\" target=\"_blank\">IATF 2025 : l\u2019Alg\u00e9rie ouvre ses portes \u00e0 l\u2019Afrique avec 175 partenariats en ligne de mire<\/a><\/strong><\/p>\n<\/p>\n<p><img decoding=\"async\" class=\"lazy\" src=\"data:image\/svg+xml,%3Csvg%20xmlns=\" http:=\"\" data-src=\"https:\/\/www.europesays.com\/fr\/wp-content\/uploads\/2025\/09\/icons8-share-64.png.webp\" alt=\"Partager\" data-smush-webp-fallback=\"{&quot;src&quot;:&quot;https:\\\/\\\/www.algerie360.com\\\/wp-content\\\/uploads\\\/2025\\\/06\\\/icons8-share-64.png&quot;}\"\/><\/p>\n","protected":false},"excerpt":{"rendered":"Le Centre hospitalo-universitaire (CHU) de Beni Messous \u00e0 Alger a franchi une \u00e9tape majeure dans le domaine m\u00e9dical&hellip;\n","protected":false},"author":2,"featured_media":371728,"comment_status":"","ping_status":"","sticky":false,"template":"","format":"standard","meta":{"footnotes":""},"categories":[10],"tags":[328,1011,27,72,71],"class_list":{"0":"post-371727","1":"post","2":"type-post","3":"status-publish","4":"format-standard","5":"has-post-thumbnail","7":"category-sante","8":"tag-a-la-une","9":"tag-fr","10":"tag-france","11":"tag-health","12":"tag-sante"},"share_on_mastodon":{"url":"https:\/\/pubeurope.com\/@fr\/115159951146515397","error":""},"_links":{"self":[{"href":"https:\/\/www.europesays.com\/fr\/wp-json\/wp\/v2\/posts\/371727","targetHints":{"allow":["GET"]}}],"collection":[{"href":"https:\/\/www.europesays.com\/fr\/wp-json\/wp\/v2\/posts"}],"about":[{"href":"https:\/\/www.europesays.com\/fr\/wp-json\/wp\/v2\/types\/post"}],"author":[{"embeddable":true,"href":"https:\/\/www.europesays.com\/fr\/wp-json\/wp\/v2\/users\/2"}],"replies":[{"embeddable":true,"href":"https:\/\/www.europesays.com\/fr\/wp-json\/wp\/v2\/comments?post=371727"}],"version-history":[{"count":0,"href":"https:\/\/www.europesays.com\/fr\/wp-json\/wp\/v2\/posts\/371727\/revisions"}],"wp:featuredmedia":[{"embeddable":true,"href":"https:\/\/www.europesays.com\/fr\/wp-json\/wp\/v2\/media\/371728"}],"wp:attachment":[{"href":"https:\/\/www.europesays.com\/fr\/wp-json\/wp\/v2\/media?parent=371727"}],"wp:term":[{"taxonomy":"category","embeddable":true,"href":"https:\/\/www.europesays.com\/fr\/wp-json\/wp\/v2\/categories?post=371727"},{"taxonomy":"post_tag","embeddable":true,"href":"https:\/\/www.europesays.com\/fr\/wp-json\/wp\/v2\/tags?post=371727"}],"curies":[{"name":"wp","href":"https:\/\/api.w.org\/{rel}","templated":true}]}}