{"id":371729,"date":"2025-09-06T23:29:10","date_gmt":"2025-09-06T23:29:10","guid":{"rendered":"https:\/\/www.europesays.com\/fr\/371729\/"},"modified":"2025-09-06T23:29:10","modified_gmt":"2025-09-06T23:29:10","slug":"benoit-saint-denis-simpose-avec-la-maniere-pour-son-retour-a-lufc-paris","status":"publish","type":"post","link":"https:\/\/www.europesays.com\/fr\/371729\/","title":{"rendered":"Beno\u00eet Saint Denis s&rsquo;impose avec la mani\u00e8re pour son retour \u00e0 l&rsquo;UFC Paris"},"content":{"rendered":"<p>Pour la quatri\u00e8me \u00e9dition de l\u2019UFC Paris, le combattant fran\u00e7ais a battu le Br\u00e9silien Mauricio Ruffy ce samedi.<\/p>\n<p class=\"fig-paragraph\">Un an apr\u00e8s la d\u00e9molition subie dans la capitale, le combattant de MMA fran\u00e7ais Beno\u00eet Saint\u00a0Denis s&rsquo;est impos\u00e9 avec la mani\u00e8re, samedi lors de la quatri\u00e8me \u00e9dition de l&rsquo;UFC Paris. \u00abBSD\u00bb a battu le Br\u00e9silien Mauricio Ruffy, annonc\u00e9 comme favori malgr\u00e9 un classement inf\u00e9rieur, par soumission apr\u00e8s un \u00e9tranglement arri\u00e8re au cours du deuxi\u00e8me round.<\/p>\n<p class=\"fig-paragraph\">Tr\u00e8s appliqu\u00e9, le Fran\u00e7ais, N.13 de la cat\u00e9gorie des poids l\u00e9gers, avait d\u00e9j\u00e0 largement domin\u00e9 la premi\u00e8re reprise et a donn\u00e9 l&rsquo;impression d&rsquo;ex\u00e9cuter la tactique pr\u00e9vue \u00e0 la perfection, amenant plusieurs fois son adversaire au sol.<\/p>\n<p>                                    <a class=\"fig-a11y-skip a11y-hidden\" href=\"#fig-a11y-skip-main-inarticle\"><br \/>\n        Passer la publicit\u00e9<br \/>\n    <\/a><\/p>\n<p>Sous la coupe de Nicolas Ott<\/p>\n<p class=\"fig-paragraph\">Saint Denis restait sur un succ\u00e8s face au Canadien Kyle Prepolec au mois de mai, qui avait suivi deux d\u00e9faites dont une cinglante contre Renato Moicano en septembre 2024 lors de la pr\u00e9c\u00e9dente \u00e9dition de l&rsquo;UFC Paris, qu&rsquo;il avait termin\u00e9e d\u00e9figur\u00e9 et les paupi\u00e8res en sang. Depuis, le Fran\u00e7ais a chang\u00e9 d&rsquo;entourage et s&rsquo;est tourn\u00e9 vers Nicolas Ott, entra\u00eeneur devenu incontournable dans le MMA fran\u00e7ais.<\/p>\n<p class=\"fig-paragraph\">\u00abJ&rsquo;ai \u00e9t\u00e9 tr\u00e8s bien entour\u00e9 et encadr\u00e9, c&rsquo;est ce qui a fait que j&rsquo;ai pu \u00eatre le soldat que je suis dans la cage\u00bb, s&rsquo;est f\u00e9licit\u00e9 le combattant de 29 ans, port\u00e9 par une Accor Arena bouillante. \u00abMerci de m&rsquo;avoir pardonn\u00e9 ma m\u00e9saventure de l&rsquo;ann\u00e9e derni\u00e8re et d&rsquo;avoir toujours cru en moi\u00bb, a-t-il ajout\u00e9 dans la cage.<\/p>\n","protected":false},"excerpt":{"rendered":"Pour la quatri\u00e8me \u00e9dition de l\u2019UFC Paris, le combattant fran\u00e7ais a battu le Br\u00e9silien Mauricio Ruffy ce samedi.&hellip;\n","protected":false},"author":2,"featured_media":371730,"comment_status":"","ping_status":"","sticky":false,"template":"","format":"standard","meta":{"footnotes":""},"categories":[9],"tags":[1011,27,1847,60],"class_list":{"0":"post-371729","1":"post","2":"type-post","3":"status-publish","4":"format-standard","5":"has-post-thumbnail","7":"category-sports","8":"tag-fr","9":"tag-france","10":"tag-mma","11":"tag-sports"},"share_on_mastodon":{"url":"https:\/\/pubeurope.com\/@fr\/115159955149081247","error":""},"_links":{"self":[{"href":"https:\/\/www.europesays.com\/fr\/wp-json\/wp\/v2\/posts\/371729","targetHints":{"allow":["GET"]}}],"collection":[{"href":"https:\/\/www.europesays.com\/fr\/wp-json\/wp\/v2\/posts"}],"about":[{"href":"https:\/\/www.europesays.com\/fr\/wp-json\/wp\/v2\/types\/post"}],"author":[{"embeddable":true,"href":"https:\/\/www.europesays.com\/fr\/wp-json\/wp\/v2\/users\/2"}],"replies":[{"embeddable":true,"href":"https:\/\/www.europesays.com\/fr\/wp-json\/wp\/v2\/comments?post=371729"}],"version-history":[{"count":0,"href":"https:\/\/www.europesays.com\/fr\/wp-json\/wp\/v2\/posts\/371729\/revisions"}],"wp:featuredmedia":[{"embeddable":true,"href":"https:\/\/www.europesays.com\/fr\/wp-json\/wp\/v2\/media\/371730"}],"wp:attachment":[{"href":"https:\/\/www.europesays.com\/fr\/wp-json\/wp\/v2\/media?parent=371729"}],"wp:term":[{"taxonomy":"category","embeddable":true,"href":"https:\/\/www.europesays.com\/fr\/wp-json\/wp\/v2\/categories?post=371729"},{"taxonomy":"post_tag","embeddable":true,"href":"https:\/\/www.europesays.com\/fr\/wp-json\/wp\/v2\/tags?post=371729"}],"curies":[{"name":"wp","href":"https:\/\/api.w.org\/{rel}","templated":true}]}}