{"id":371731,"date":"2025-09-06T23:30:16","date_gmt":"2025-09-06T23:30:16","guid":{"rendered":"https:\/\/www.europesays.com\/fr\/371731\/"},"modified":"2025-09-06T23:30:16","modified_gmt":"2025-09-06T23:30:16","slug":"pamela-anderson-repond-a-ceux-qui-laccusent-avec-liam-neeson-dutiliser-leur-relation-comme-outil-de-pub","status":"publish","type":"post","link":"https:\/\/www.europesays.com\/fr\/371731\/","title":{"rendered":"Pamela Anderson r\u00e9pond \u00e0 ceux qui l\u2019accusent, avec Liam Neeson, d\u2019utiliser leur relation comme outil de pub"},"content":{"rendered":"<p>        <img decoding=\"async\" loading=\"lazy\" src=\"https:\/\/www.europesays.com\/fr\/wp-content\/uploads\/2025\/09\/49715e2_1694118789837-000-33dh9ap.jpg\"  width=\"728\" height=\"409\" alt=\"Pamela Anderson est au casting du film \u00ab\u00a0Y a-t-il un flic pour sauver le monde\u00a0?\u00a0\u00bb. \"\/>  <\/p>\n<p>ANGELA WEISS \/ AFP<\/p>\n<p>Pamela Anderson est au casting du film \u00ab\u00a0Y a-t-il un flic pour sauver le monde\u00a0?\u00a0\u00bb. <\/p>\n<p class=\"asset asset-text\">PEOPLE &#8211; Mise au point. Accus\u00e9e d\u2019avoir utilis\u00e9 sa relation avec<a href=\"https:\/\/www.huffingtonpost.fr\/medias\/article\/cette-publicite-de-liam-neeson-a-la-berlinale-tombe-mal_139986.html\" target=\"_blank\" rel=\"noopener\"> Liam Neeson <\/a>comme outil de publicit\u00e9 pour la sortie de leur film, <a href=\"https:\/\/www.huffingtonpost.fr\/culture\/article\/pamela-anderson-confie-avoir-souffert-de-depression-pendant-une-vingtaine-d-annees_240541.html\" target=\"_blank\" rel=\"noopener\">Pamela Anderson<\/a> a r\u00e9pondu aux critiques lors du Festival Am\u00e9ricain de Deauville, vendredi 5\u00a0septembre.<\/p>\n<p class=\"asset asset-text\">\u00ab\u00a0Je ne participe pas et je ne participerai jamais \u00e0 des op\u00e9rations de communication\u00a0\u00bb, a-t-elle assur\u00e9 lors de son discours sur sc\u00e8ne, apr\u00e8s avoir re\u00e7u le Deauville Talent Award. \u00ab\u00a0Ce serait une condamnation \u00e0 mort. Je suis une personne authentique. Je suis superstitieuse en amour. Et je n\u2019ai pas envie de partager le moindre d\u00e9tail de ma vie amoureuse\u00a0\u00bb, a-t-elle poursuivi.<\/p>\n<p class=\"asset asset-text\">\u00ab\u00a0Je sais que je vais tomber amoureuse encore et encore \u00e0 l\u2019\u00e9cran. C\u2019est mon travail. Si nous le faisons bien, vous le ressentirez comme une sorte de projection\u00a0\u00bb, a ajout\u00e9 l\u2019actrice de 58\u00a0ans.<\/p>\n<p>    Rumeurs    <\/p>\n<p class=\"asset asset-text\">Liam Neeson et Pamela Anderson sont tous deux \u00e0 l\u2019affiche du film Y a-t-il un flic pour sauver le monde\u00a0? (The Naked Gun, en version originale).<\/p>\n<p class=\"asset asset-text\">Depuis plusieurs mois, des rumeurs sur une possible relation entre les deux acteurs circulent. Lors de l\u2019avant-premi\u00e8re du film, \u00e0 Londres, Pamela Anderson a notamment \u00e9t\u00e9 aper\u00e7ue en train d\u2019embrasser Liam Neeson sur la joue. Une source proche de l\u2019acteur avait m\u00eame d\u00e9clar\u00e9 \u00e0 la presse qu\u2019ils avaient officialis\u00e9 leur couple.<\/p>\n<p class=\"asset asset-text\">Le site people TMZ a pourtant affirm\u00e9 d\u00e9but septembre que cette idylle naissante \u00e9tait le fruit d\u2019une op\u00e9ration de marketing en vue de la promotion du film.<\/p>\n","protected":false},"excerpt":{"rendered":"ANGELA WEISS \/ AFP Pamela Anderson est au casting du film \u00ab\u00a0Y a-t-il un flic pour sauver le&hellip;\n","protected":false},"author":2,"featured_media":371732,"comment_status":"","ping_status":"","sticky":false,"template":"","format":"standard","meta":{"footnotes":""},"categories":[8],"tags":[58,59,1011,27,44280,19404,973],"class_list":{"0":"post-371731","1":"post","2":"type-post","3":"status-publish","4":"format-standard","5":"has-post-thumbnail","7":"category-divertissement","8":"tag-divertissement","9":"tag-entertainment","10":"tag-fr","11":"tag-france","12":"tag-liam-neeson","13":"tag-pamela-anderson","14":"tag-people"},"share_on_mastodon":{"url":"https:\/\/pubeurope.com\/@fr\/115159959440502143","error":""},"_links":{"self":[{"href":"https:\/\/www.europesays.com\/fr\/wp-json\/wp\/v2\/posts\/371731","targetHints":{"allow":["GET"]}}],"collection":[{"href":"https:\/\/www.europesays.com\/fr\/wp-json\/wp\/v2\/posts"}],"about":[{"href":"https:\/\/www.europesays.com\/fr\/wp-json\/wp\/v2\/types\/post"}],"author":[{"embeddable":true,"href":"https:\/\/www.europesays.com\/fr\/wp-json\/wp\/v2\/users\/2"}],"replies":[{"embeddable":true,"href":"https:\/\/www.europesays.com\/fr\/wp-json\/wp\/v2\/comments?post=371731"}],"version-history":[{"count":0,"href":"https:\/\/www.europesays.com\/fr\/wp-json\/wp\/v2\/posts\/371731\/revisions"}],"wp:featuredmedia":[{"embeddable":true,"href":"https:\/\/www.europesays.com\/fr\/wp-json\/wp\/v2\/media\/371732"}],"wp:attachment":[{"href":"https:\/\/www.europesays.com\/fr\/wp-json\/wp\/v2\/media?parent=371731"}],"wp:term":[{"taxonomy":"category","embeddable":true,"href":"https:\/\/www.europesays.com\/fr\/wp-json\/wp\/v2\/categories?post=371731"},{"taxonomy":"post_tag","embeddable":true,"href":"https:\/\/www.europesays.com\/fr\/wp-json\/wp\/v2\/tags?post=371731"}],"curies":[{"name":"wp","href":"https:\/\/api.w.org\/{rel}","templated":true}]}}