{"id":371733,"date":"2025-09-06T23:31:19","date_gmt":"2025-09-06T23:31:19","guid":{"rendered":"https:\/\/www.europesays.com\/fr\/371733\/"},"modified":"2025-09-06T23:31:19","modified_gmt":"2025-09-06T23:31:19","slug":"6-gadgets-pour-faire-le-bonheur-des-geeks","status":"publish","type":"post","link":"https:\/\/www.europesays.com\/fr\/371733\/","title":{"rendered":"6 gadgets pour faire le bonheur des geeks"},"content":{"rendered":"<p>La rentr\u00e9e est d\u00e9j\u00e0 l\u00e0, et vous jonglez s\u00fbrement entre les fournitures scolaires de derni\u00e8res minutes et les activit\u00e9s extra-scolaires. Au milieu de ce joyeux fatras, la r\u00e9daction a s\u00e9lectionn\u00e9 quelques gadgets, jeux et accessoires destin\u00e9s \u00e0 faciliter la vie des plus jeunes (et par extension, de leurs parents). Soufflez, les vacances ne sont plus que dans six semaines.<\/p>\n<p> Ma 1\u00e8re Lunii <\/p>\n<p>Apr\u00e8s Lunii et <a href=\"https:\/\/www.journaldugeek.com\/2023\/05\/22\/flam-le-baladeur-audio-immersif-et-interactif-de-lunii-va-combler-votre-enfant\/\" target=\"_blank\" rel=\"noopener\">Flam<\/a>, les bo\u00eetes \u00e0 histoires interactives de l\u2019entreprise fran\u00e7aise Lunii, voici Ma 1\u00e8re Lunii, sp\u00e9cialement con\u00e7us pour favoriser l\u2019\u00e9veil des plus petits et l\u2019apaisement des parents. Flanqu\u00e9e d\u2019un nouveau rev\u00eatement, et d\u2019une flop\u00e9e de contenus in\u00e9dits \u00e0 destination des plus petits, Ma 1\u00e8re Lunii guide les plus jeunes dans leurs premi\u00e8res d\u00e9couvertes auditives, stimule leur \u00e9veil musical, et favorise un endormissement paisible, avec <strong>50 comptines, berceuses et bruits blancs<\/strong>, ainsi qu\u2019un acc\u00e8s (payant), \u00e0 un catalogue de plus de 500 livres audio, elle grandit avec l\u2019enfant et le suit \u00e0 chaque \u00e9tape de son d\u00e9veloppement en stimulant son imaginaire.<\/p>\n<p>Ma 1\u00e8re Lunii est disponible depuis le 4 juin 2025, au <strong>prix de lancement de 69,90\u20ac<\/strong>. Pour les enfants \u00e0 partir de 3 ans en autonomie.<\/p>\n<p> <img loading=\"lazy\" decoding=\"async\" class=\"size-full wp-image-50569715\" src=\"https:\/\/www.europesays.com\/fr\/wp-content\/uploads\/2025\/09\/selection-rentree.jpg\" alt=\"S\u00e9lection Rentr\u00e9e\" width=\"1920\" height=\"1280\"  \/>\u00a9 JDG <\/p>\n<p class=\"text-center not-prose\"><a class=\"comp-button\" href=\"https:\/\/shop.journaldugeek.com\/go\/31913\/\" target=\"_self\" rel=\"sponsored nofollow noopener\">Je d\u00e9couvre<\/a><\/p>\n<p> Cricut EasyPress Mini <\/p>\n<p>Termin\u00e9es les \u00e9tiquettes de rentr\u00e9e griffonn\u00e9es \u00e0 la h\u00e2te qui se d\u00e9collent au premier lavage. La <a href=\"https:\/\/www.journaldugeek.com\/2025\/02\/27\/cricut-simplifie-le-diy-avec-deux-nouvelles-machines-tout-en-un\/\" target=\"_blank\" rel=\"noopener\">Cricut EasyPress Mini<\/a> transforme <strong>l\u2019interminable corv\u00e9e d\u2019\u00e9tiquetage obligatoire des v\u00eatements<\/strong> de votre ch\u00e8re prog\u00e9niture. Cette petite presse \u00e0 chaud compacte passe entre les boutonni\u00e8res et se faufile dans les coutures pour thermocoller tous types de transferts, qu\u2019il s\u2019agisse de <a href=\"https:\/\/www.journaldugeek.com\/test\/test-de-la-cricut-maker-4-la-reine-du-diy\/\" target=\"_blank\" rel=\"noopener\">vos propres cr\u00e9ations<\/a>, ou non.<\/p>\n<p>Avec ses trois niveaux de temp\u00e9rature (125-145\u00b0C, 150-180\u00b0C et 180-205\u00b0C selon les mat\u00e9riaux), elle permet de cr\u00e9er des \u00e9tiquettes personnalis\u00e9es r\u00e9sistantes qui survivront aux machines \u00e0 laver et aux al\u00e9as de l\u2019\u00e9cole. Pratique pour \u00e9viter de tout perdre. Comptez environ 60\u20ac pour vous offrir le gadget, qui servira pendant toute la scolarit\u00e9 de vos enfants.<\/p>\n<p> <img loading=\"lazy\" decoding=\"async\" class=\"size-full wp-image-50569712\" src=\"https:\/\/www.europesays.com\/fr\/wp-content\/uploads\/2025\/09\/selection-rentree-2.jpg\" alt=\"S\u00e9lection Rentr\u00e9e (2)\" width=\"1920\" height=\"1280\"  \/>\u00a9 JDG <\/p>\n<p class=\"text-center not-prose\"><a class=\"comp-button\" href=\"https:\/\/shop.journaldugeek.com\/go\/31911\/\" target=\"_self\" rel=\"sponsored nofollow noopener\">Je d\u00e9couvre<\/a><\/p>\n<p> Mission espace <\/p>\n<p>Les petits astronautes en herbe vont adorer embarquer pour cette aventure galactique sign\u00e9e Pirouette Cacahou\u00e8te. Ce jeu de l\u2019oie revisit\u00e9, d\u00e9velopp\u00e9 en collaboration avec le Centre National d\u2019\u00c9tudes Spatiales (CNES) et illustr\u00e9 par Cl\u00e9mentine Thibaux, transforme l\u2019aventure en mission interstellaire.\u00a0L\u2019objectif\u00a0: <strong>atteindre la case 63 en premier pour rejoindre la fus\u00e9e direction la Terre,<\/strong> en \u00e9vitant les trous noirs et autres pi\u00e8ges cosmiques. Les fus\u00e9es acc\u00e9l\u00e8rent la progression, mais attention aux mauvais calculs qui pourraient ralentir votre retour sur Terre.<\/p>\n<p>\u00c9co-con\u00e7u et 100% fabriqu\u00e9 en France avec des mat\u00e9riaux certifi\u00e9s, ce jeu comprend un plateau puzzle de 6 pi\u00e8ces (32 x 32 cm), 6 pions astronautes en volume, 2 d\u00e9s et un livret p\u00e9dagogique multilingue. \u00c0 partir de 4 ans, pour 2 \u00e0 6 joueurs, comptez 20-30 minutes par partie.<\/p>\n<p> <img loading=\"lazy\" decoding=\"async\" class=\"size-full wp-image-50569711\" src=\"https:\/\/www.europesays.com\/fr\/wp-content\/uploads\/2025\/09\/selection-rentree-3.jpg\" alt=\"S\u00e9lection Rentr\u00e9e (3)\" width=\"1920\" height=\"1280\"  \/>\u00a9 JDG <\/p>\n<p class=\"text-center not-prose\"><a class=\"comp-button\" href=\"https:\/\/shop.journaldugeek.com\/go\/31910\/\" target=\"_self\" rel=\"sponsored nofollow noopener\">Je d\u00e9couvre<\/a><\/p>\n<p> Sandisk Extreme Pro <\/p>\n<p>Fini le casse-t\u00eate du stockage des souvenirs de vacances\u00a0! Le SanDisk Extreme Pro USB4 en version 2To devient le compagnon id\u00e9al pour <strong>archiver toutes ces photos et vid\u00e9os qui encombrent vos appareils<\/strong>. Avec ses performances impressionnantes de 3800 Mo\/s en lecture et 3700 Mo\/s en \u00e9criture, ce SSD portable simplifie le transfert de fichiers volumineux.<\/p>\n<p>Sa robustesse certifi\u00e9e IP65 r\u00e9siste aux chutes jusqu\u2019\u00e0 2 m\u00e8tres, \u00e0 l\u2019eau et \u00e0 la poussi\u00e8re. Compatible avec Windows, macOS, Xbox Seriesx Series et PS5, il s\u2019adapte \u00e0 tous vos appareils gr\u00e2ce \u00e0 sa connectivit\u00e9 USB4 et Thunderbolt 4. Disponible au tarif de 262\u20ac pour la version 2To, ce DDE est un investissement utile pour enfin lib\u00e9rer l\u2019espace de vos smartphones et de vos ordinateurs, sans avoir \u00e0 dire adieu \u00e0 vos souvenirs.<\/p>\n<p> <img loading=\"lazy\" decoding=\"async\" class=\"size-full wp-image-50569713\" src=\"https:\/\/www.europesays.com\/fr\/wp-content\/uploads\/2025\/09\/selection-rentree-1.jpg\" alt=\"S\u00e9lection Rentr\u00e9e (1)\" width=\"1920\" height=\"1280\"  \/>\u00a9 JDG <\/p>\n<p class=\"text-center not-prose\"><a class=\"comp-button\" href=\"https:\/\/shop.journaldugeek.com\/go\/31909\/\" target=\"_self\" rel=\"sponsored nofollow noopener\">Je d\u00e9couvre<\/a><\/p>\n<p> ASUS TUF Gaming F16 <\/p>\n<p>L\u2019<a href=\"https:\/\/www.journaldugeek.com\/meilleur-ordinateur-portable\/meilleur-pc-portable-gamer\/\" target=\"_blank\" rel=\"noopener\">ASUS TUF Gaming F16 \u00e9quip\u00e9 de la nouvelle RTX 5050 GDDR7<\/a> pourrait bien devenir l\u2019outil parfait pour les \u00e9tudiants cette ann\u00e9e. Ce portable 16 pouces, flanqu\u00e9 d\u2019un processeur Intel Core i5-13450HX et d\u2019une carte graphique RTX 5050 de derni\u00e8re g\u00e9n\u00e9ration, permet de jongler entre les diff\u00e9rents aspects de sa vie estudiantine. Pratique, <strong>l\u2019IA embarqu\u00e9e<\/strong> peut aussi r\u00e9sumer un cours, coder ou structurer un expos\u00e9, sans d\u00e9pendance au cloud. Que vous soyez plut\u00f4t tourn\u00e9 vers le montage vid\u00e9o, les rendus 3D, le gaming ou m\u00eame les visioconf\u00e9rences \u00e0 rallonge, le terminal avec son \u00e9cran IPS Full HD+ 165Hz, ses 16 Go de RAM et son SSD 512 Go, ne p\u00e8se que 2,2 kg, et peut \u00eatre emport\u00e9 partout.<\/p>\n<p> <img loading=\"lazy\" decoding=\"async\" class=\"size-full wp-image-50569710\" src=\"https:\/\/www.europesays.com\/fr\/wp-content\/uploads\/2025\/09\/selection-rentree-4.jpg\" alt=\"S\u00e9lection Rentr\u00e9e (4)\" width=\"1920\" height=\"1280\"  \/>\u00a9 JDG <\/p>\n<p class=\"text-center not-prose\"><a class=\"comp-button\" href=\"https:\/\/shop.journaldugeek.com\/go\/31907\/\" target=\"_self\" rel=\"sponsored nofollow noopener\">Je d\u00e9couvre<\/a><\/p>\n<p> Notta Memo <\/p>\n<p>Parce que les adultes aussi font leur rentr\u00e9e en septembre, Notta Memo est une alternative \u00e0 <a href=\"https:\/\/www.journaldugeek.com\/2025\/08\/27\/plaud-note-pro-quand-lia-simmisce-dans-la-prise-de-notes\/\" target=\"_blank\" rel=\"noopener\">Plaud.ia<\/a>, capable de transformer vos cours, r\u00e9unions et prises de notes en compte-rendu structur\u00e9, gr\u00e2ce \u00e0 l\u2019intelligence artificielle. Avec son format carte de cr\u00e9dit, Notta peut \u00e9galement traduire vos notes et s\u2019int\u00e8gre parfaitement aux plateformes de visioconf\u00e9rence populaires comme Zoom, Teams ou Google Meet. Encore plus pratique, l\u2019outil est <strong>compatible avec 58 langues<\/strong>. De quoi sauver pas mal de temps, et vous concentrer vraiment sur l\u2019essentiel.\u00a0Les notes peuvent \u00eatre ensuite facilement partag\u00e9es via Slack, e-mail ou export\u00e9es vers Notion, Word, PDF.<\/p>\n<p> <img loading=\"lazy\" decoding=\"async\" class=\"size-full wp-image-50569709\" src=\"https:\/\/www.europesays.com\/fr\/wp-content\/uploads\/2025\/09\/selection-rentree-5.jpg\" alt=\"S\u00e9lection Rentr\u00e9e (5)\" width=\"1920\" height=\"1280\"  \/>\u00a9 JDG <\/p>\n<p class=\"text-center not-prose\"><a class=\"comp-button\" href=\"https:\/\/shop.journaldugeek.com\/go\/31906\/\" target=\"_self\" rel=\"sponsored nofollow noopener\">Je d\u00e9couvre le Notta Memo<\/a><\/p>\n<blockquote>\n<p class=\"text-base text-neutral-700 dark:text-neutral-300\">\ud83d\udfe3 Pour ne manquer aucune news sur le Journal du Geek, abonnez-vous sur <a href=\"https:\/\/news.google.com\/publications\/CAAqBwgKMNr_hAswwYyCAw?hl=fr&amp;gl=FR&amp;ceid=FR%3Afr\" target=\"_blank\" rel=\"noopener\">Google Actualit\u00e9s<\/a> et sur <a href=\"https:\/\/whatsapp.com\/channel\/0029VaClM5y4tRry12tb7D2h\" target=\"_blank\" rel=\"noopener\">notre WhatsApp<\/a>. Et si vous nous adorez, on a <a href=\"https:\/\/www.journaldugeek.com\/newsletter\/\" target=\"_blank\" rel=\"noopener\">une newsletter tous les matins<\/a>.<\/p>\n<\/blockquote>\n","protected":false},"excerpt":{"rendered":"La rentr\u00e9e est d\u00e9j\u00e0 l\u00e0, et vous jonglez s\u00fbrement entre les fournitures scolaires de derni\u00e8res minutes et les&hellip;\n","protected":false},"author":2,"featured_media":371734,"comment_status":"","ping_status":"","sticky":false,"template":"","format":"standard","meta":{"footnotes":""},"categories":[7],"tags":[1011,27,10918,43,40,41,39,42,44],"class_list":{"0":"post-371733","1":"post","2":"type-post","3":"status-publish","4":"format-standard","5":"has-post-thumbnail","7":"category-sciences-et-technologies","8":"tag-fr","9":"tag-france","10":"tag-rentree-scolaire","11":"tag-science","12":"tag-science-and-technology","13":"tag-sciences","14":"tag-sciences-et-technologies","15":"tag-technologies","16":"tag-technology"},"share_on_mastodon":{"url":"https:\/\/pubeurope.com\/@fr\/115159963162309820","error":""},"_links":{"self":[{"href":"https:\/\/www.europesays.com\/fr\/wp-json\/wp\/v2\/posts\/371733","targetHints":{"allow":["GET"]}}],"collection":[{"href":"https:\/\/www.europesays.com\/fr\/wp-json\/wp\/v2\/posts"}],"about":[{"href":"https:\/\/www.europesays.com\/fr\/wp-json\/wp\/v2\/types\/post"}],"author":[{"embeddable":true,"href":"https:\/\/www.europesays.com\/fr\/wp-json\/wp\/v2\/users\/2"}],"replies":[{"embeddable":true,"href":"https:\/\/www.europesays.com\/fr\/wp-json\/wp\/v2\/comments?post=371733"}],"version-history":[{"count":0,"href":"https:\/\/www.europesays.com\/fr\/wp-json\/wp\/v2\/posts\/371733\/revisions"}],"wp:featuredmedia":[{"embeddable":true,"href":"https:\/\/www.europesays.com\/fr\/wp-json\/wp\/v2\/media\/371734"}],"wp:attachment":[{"href":"https:\/\/www.europesays.com\/fr\/wp-json\/wp\/v2\/media?parent=371733"}],"wp:term":[{"taxonomy":"category","embeddable":true,"href":"https:\/\/www.europesays.com\/fr\/wp-json\/wp\/v2\/categories?post=371733"},{"taxonomy":"post_tag","embeddable":true,"href":"https:\/\/www.europesays.com\/fr\/wp-json\/wp\/v2\/tags?post=371733"}],"curies":[{"name":"wp","href":"https:\/\/api.w.org\/{rel}","templated":true}]}}