{"id":371738,"date":"2025-09-06T23:34:09","date_gmt":"2025-09-06T23:34:09","guid":{"rendered":"https:\/\/www.europesays.com\/fr\/371738\/"},"modified":"2025-09-06T23:34:09","modified_gmt":"2025-09-06T23:34:09","slug":"je-pleure-encore-tous-les-jours-gilles-goujon-chef-triplement-etoile-face-aux-sequelles-de-lincendie-des-corbieres-lindependant","status":"publish","type":"post","link":"https:\/\/www.europesays.com\/fr\/371738\/","title":{"rendered":"\u00ab Je pleure encore tous les jours \u00bb : Gilles Goujon, chef triplement \u00e9toil\u00e9, face aux s\u00e9quelles de l\u2019incendie des Corbi\u00e8res &#8211; L&#039;Ind\u00e9pendant"},"content":{"rendered":"<ol>\n<li><a href=\"https:\/\/news.google.com\/rss\/articles\/CBMi-gFBVV95cUxNOVU5c2FFLXFJZmd5bFE3XzY3bXY0WW9ONVdyb0ljNlExZnJyS2xIdkNCSnFVY3M2TXJNUHdMYm1GNEpPYlpTQVJ4VmtDY21HemlFWTNJSm1ZMjI0a1daSm8zSUdBNGQyMVFfUVFQc1o2TE01bkhqUGdrQnFLZk9Dcy01T0RreVZXOFFmaFdsb2FNQVFfTkI1MUlqTTQwZG5HbWJhY3Y5elc2bVlkZ0ROdDNnWUtXNUhMMnBDVXdIOEVfOGhLUDFjRHpOTHNMeTlBNTByWnJLdVNPYWhLZlpNZno4R0Y5OUI3MnlsUUNlaDNaYnBiZGNfOXhn?oc=5\" target=\"_blank\" rel=\"nofollow noopener\">\u00ab Je pleure encore tous les jours \u00bb : Gilles Goujon, chef triplement \u00e9toil\u00e9, face aux s\u00e9quelles de l\u2019incendie des Corbi\u00e8res<\/a>&nbsp;&nbsp;L&rsquo;Ind\u00e9pendant<\/li>\n<li><a href=\"https:\/\/news.google.com\/rss\/articles\/CBMijgNBVV95cUxQdE9nWEFPdWtIZ29NcHZMNWZZWTMtZ2tEUDA3eEE2Vnd0N0MyaGVrc1h3MmhUSmJwd3JONmJYekU5WEpSaXFzLXVZQm1XNHBFei1yanJUSEpVX3Vra1pxNEJ4dm9NRWlPbFpyaWJIRnc2RnVMOVBBRW5BVGtyOXY4WC10TldsN0c0bmZrbWFUcmszTFhtdG55SENFX3NlemtfcDZqS3diX1NKS0I5enlPWUJ0OXh3d2xxbW1KakpzMTU3TzVlRllTMUY1V0ZYdHFGWnJVSXhFa280Mk12YmVwT2dmTWxydnY3ODdON2J3aVNtUGczRy1RTUVjNmd6QlFrUXh6Q3BpVVZJMlpqd1lHYkF6RVU4LV9nbDBIMUlWdlFxVy1qWTY4N29RbTVjZUxRM3V6RGxzZkhkVjJXR1FvbGxjQ0J6OXdSdllSLWdNQUE4R0ZNbDlWR1FZcWFuXzdkN0NNZGRiUWQ4WnNkMnRVbWItbWhaMFcyN3JKejM2R3VXc29aQmljSWY2RUNMUQ?oc=5\" target=\"_blank\" rel=\"nofollow noopener\">\u00ab\u00a0On va reb\u00e2tir quelque chose ici, redonner du beau\u00a0\u00bb : la lente reconstruction d&rsquo;Emmanuelle, \u00e9leveuse sinistr\u00e9e de l&rsquo;incendie dans l&rsquo;Aude<\/a>&nbsp;&nbsp;France Info<\/li>\n<li><a href=\"https:\/\/news.google.com\/rss\/articles\/CBMivwFBVV95cUxNd09nZndyRkhWcWp2RTFFbFNzX0w1MUJTY3NSeEpyekFtWlZBNFlDZWxvUzB2VkxpSXJxekNMbkxOQk43QzV0ME5xRVphN3JVT2h0TFRkNDNLZ0lfSVVSODUyWDRVejVPVmd3SWNjQWY3eUVjelFUTEFlNFVYVDhOeDZhS1ZqYmdCNXluNm1ubHpDTHREUU9yY3VXOTVsSy1zR2VDYmdUSXhZU2Z1ak5mVUZfZFdWeUxxWE45bG1QSQ?oc=5\" target=\"_blank\" rel=\"nofollow noopener\">Incendies dans l&rsquo;Aude : l&rsquo;Institut de recherche criminelle enqu\u00eate<\/a>&nbsp;&nbsp;Gendarmerie nationale<\/li>\n<li><a href=\"https:\/\/news.google.com\/rss\/articles\/CBMi7wFBVV95cUxNcTBZUkVZMFIxdjdPb0hibWpaaTFOSV9QdEVLZkFIMVZvZW1WTm1sRzU3Q3dFNF96aC16RXpRR0lKSEU0Y1B6T2FSQVFnQU85a2RvcmVBYlVGLTljSlRoVFZtVDNRdEF1akUzQk5kUVV0WFNrVE9IX3dMZjdsQmpIUEJVNS1lWjlUbGtfR3VJaW15TDFyMk9DcWxlcHJCYlhYUFNpQkp2OGxBX2NxQjdqc2twUWVub1ljTVlmcHhET3lydHVHYmlrQjczWkdxWmlRR0dPbzVaODFaYTFhaUNFd191TlVwUmFpb2sxbXZSSQ?oc=5\" target=\"_blank\" rel=\"nofollow noopener\">Un mois apr\u00e8s le passage du feu ravageur dans les Corbi\u00e8res : \u00ab On essaie d\u2019aller mieux \u00bb<\/a>&nbsp;&nbsp;Le Parisien<\/li>\n<li><a href=\"https:\/\/news.google.com\/rss\/articles\/CBMi6wFBVV95cUxQSHJQREZfbWlWRkNUNDlEX2Myd0dnc0FUdTlqMGFZVlBOWEltbGw3TF9xYzc2dVI3LWpxcG9wVW1DaFFKRGI3TnZtVGhCazlqMnNjVXIwVkxSU3RPbFpHZmtic1dxU0xWS0p1bXIzV2pUVWVkb0FEcUo0elJkbEIzZXZranhIOXZqTmNNZUtvLUdUWnQwRTJ4ODJpblNUSVNkMzBmV1BKVkRia2dyZjgtUG1QZU5yazM0QnFmUmhHbXo0Z3pITkVxSVhlUU9XMEFpOXJaR2tCY1JfZ3ZHUU5XbFRlcFo1UGFQNG9B?oc=5\" target=\"_blank\" rel=\"nofollow noopener\">Aude: apr\u00e8s les incendies, certaines vignes ne seront pas r\u00e9colt\u00e9es, car trop impr\u00e9gn\u00e9es par la fum\u00e9e<\/a>&nbsp;&nbsp;BFMTV<\/li>\n<\/ol>\n","protected":false},"excerpt":{"rendered":"\u00ab Je pleure encore tous les jours \u00bb : Gilles Goujon, chef triplement \u00e9toil\u00e9, face aux s\u00e9quelles de&hellip;\n","protected":false},"author":2,"featured_media":1445,"comment_status":"","ping_status":"","sticky":false,"template":"","format":"standard","meta":{"footnotes":""},"categories":[4],"tags":[11,1011,27,12,25],"class_list":{"0":"post-371738","1":"post","2":"type-post","3":"status-publish","4":"format-standard","5":"has-post-thumbnail","7":"category-france","8":"tag-actualites","9":"tag-fr","10":"tag-france","11":"tag-news","12":"tag-republique-francaise"},"share_on_mastodon":{"url":"https:\/\/pubeurope.com\/@fr\/115159974747338891","error":""},"_links":{"self":[{"href":"https:\/\/www.europesays.com\/fr\/wp-json\/wp\/v2\/posts\/371738","targetHints":{"allow":["GET"]}}],"collection":[{"href":"https:\/\/www.europesays.com\/fr\/wp-json\/wp\/v2\/posts"}],"about":[{"href":"https:\/\/www.europesays.com\/fr\/wp-json\/wp\/v2\/types\/post"}],"author":[{"embeddable":true,"href":"https:\/\/www.europesays.com\/fr\/wp-json\/wp\/v2\/users\/2"}],"replies":[{"embeddable":true,"href":"https:\/\/www.europesays.com\/fr\/wp-json\/wp\/v2\/comments?post=371738"}],"version-history":[{"count":0,"href":"https:\/\/www.europesays.com\/fr\/wp-json\/wp\/v2\/posts\/371738\/revisions"}],"wp:featuredmedia":[{"embeddable":true,"href":"https:\/\/www.europesays.com\/fr\/wp-json\/wp\/v2\/media\/1445"}],"wp:attachment":[{"href":"https:\/\/www.europesays.com\/fr\/wp-json\/wp\/v2\/media?parent=371738"}],"wp:term":[{"taxonomy":"category","embeddable":true,"href":"https:\/\/www.europesays.com\/fr\/wp-json\/wp\/v2\/categories?post=371738"},{"taxonomy":"post_tag","embeddable":true,"href":"https:\/\/www.europesays.com\/fr\/wp-json\/wp\/v2\/tags?post=371738"}],"curies":[{"name":"wp","href":"https:\/\/api.w.org\/{rel}","templated":true}]}}