{"id":371740,"date":"2025-09-06T23:36:34","date_gmt":"2025-09-06T23:36:34","guid":{"rendered":"https:\/\/www.europesays.com\/fr\/371740\/"},"modified":"2025-09-06T23:36:34","modified_gmt":"2025-09-06T23:36:34","slug":"saint-etienne-un-homme-accuse-de-forcer-des-mineures-a-se-prostituer-juge-en-octobre-prochain","status":"publish","type":"post","link":"https:\/\/www.europesays.com\/fr\/371740\/","title":{"rendered":"Saint-\u00c9tienne. Un homme accus\u00e9 de forcer des mineures \u00e0 se prostituer jug\u00e9 en octobre prochain"},"content":{"rendered":"<p>C\u2019est un \u00e9ducateur d\u2019un foyer st\u00e9phanois dans lequel \u00e9tait plac\u00e9e une adolescente de 17 ans qui a donn\u00e9 l\u2019alerte mi-juillet.<\/p>\n<p>La jeune fille, en rupture familiale, lui avait confi\u00e9 \u00eatre forc\u00e9e \u00e0 se prostituer par un homme.<\/p>\n<p>  Les clients les contactaient via des plateformes en ligne<\/p>\n<p>L\u2019enqu\u00eate de la division de la criminalit\u00e9 territoriale, rapidement saisie, a permis de remonter la piste jusqu\u2019\u00e0 un Dr\u00f4mois \u00e2g\u00e9 de 29 ans. Il a interpell\u00e9 mardi \u00e0 La Roche-sur-Yon (Vend\u00e9e), o\u00f9 il se trouvait, puis transf\u00e9r\u00e9 vers Saint-\u00c9tienne, o\u00f9 il a \u00e9t\u00e9 plac\u00e9 en garde \u00e0 vue.<\/p>\n<p>L\u2019homme est soup\u00e7onn\u00e9 d\u2019avoir contraint l\u2019adolescente \u00e0 se prostituer. Trois autres victimes (une jeune majeure et deux autres filles de 17 ans) ont \u00e9t\u00e9 identifi\u00e9es au cours de l\u2019enqu\u00eate.<\/p>\n<p>Les clients les contactaient via <a href=\"https:\/\/www.leprogres.fr\/faits-divers-justice\/2021\/12\/13\/prostitution-des-mineures-qui-sont-ces-jeunes-victimes\" target=\"_blank\" rel=\"noopener\">une plateforme en ligne<\/a> puis les retrouvaient dans des appartements st\u00e9phanois que le mis en cause louait sur Airbnb.<\/p>\n<p>Le Dr\u00f4mois devait \u00eatre pr\u00e9sent\u00e9 pour prox\u00e9n\u00e9tisme vendredi apr\u00e8s-midi devant le tribunal correctionnel de Saint-Etienne en comparution imm\u00e9diate. L\u2019audience a \u00e9t\u00e9 renvoy\u00e9e au 31 octobre dans l\u2019attente de l\u2019expertise psychiatrique du mis en cause.<\/p>\n<p>En attendant, il reste maintenu en d\u00e9tention.<\/p>\n","protected":false},"excerpt":{"rendered":"C\u2019est un \u00e9ducateur d\u2019un foyer st\u00e9phanois dans lequel \u00e9tait plac\u00e9e une adolescente de 17 ans qui a donn\u00e9&hellip;\n","protected":false},"author":2,"featured_media":371741,"comment_status":"","ping_status":"","sticky":false,"template":"","format":"standard","meta":{"footnotes":""},"categories":[9653],"tags":[1111,11,2430,271,272,7539,1777,674,274,1011,27,3367,12,25,4001,7538],"class_list":{"0":"post-371740","1":"post","2":"type-post","3":"status-publish","4":"format-standard","5":"has-post-thumbnail","7":"category-saint-etienne","8":"tag-actu","9":"tag-actualites","10":"tag-auvergne-rhone-alpes","11":"tag-crime","12":"tag-delit-et-contravention","13":"tag-edition-loire-sud","14":"tag-eu","15":"tag-europe","16":"tag-faits-divers-justice","17":"tag-fr","18":"tag-france","19":"tag-loire","20":"tag-news","21":"tag-republique-francaise","22":"tag-saint-etienne","23":"tag-saint-etienne-ville"},"share_on_mastodon":{"url":"https:\/\/pubeurope.com\/@fr\/115159982674052349","error":""},"_links":{"self":[{"href":"https:\/\/www.europesays.com\/fr\/wp-json\/wp\/v2\/posts\/371740","targetHints":{"allow":["GET"]}}],"collection":[{"href":"https:\/\/www.europesays.com\/fr\/wp-json\/wp\/v2\/posts"}],"about":[{"href":"https:\/\/www.europesays.com\/fr\/wp-json\/wp\/v2\/types\/post"}],"author":[{"embeddable":true,"href":"https:\/\/www.europesays.com\/fr\/wp-json\/wp\/v2\/users\/2"}],"replies":[{"embeddable":true,"href":"https:\/\/www.europesays.com\/fr\/wp-json\/wp\/v2\/comments?post=371740"}],"version-history":[{"count":0,"href":"https:\/\/www.europesays.com\/fr\/wp-json\/wp\/v2\/posts\/371740\/revisions"}],"wp:featuredmedia":[{"embeddable":true,"href":"https:\/\/www.europesays.com\/fr\/wp-json\/wp\/v2\/media\/371741"}],"wp:attachment":[{"href":"https:\/\/www.europesays.com\/fr\/wp-json\/wp\/v2\/media?parent=371740"}],"wp:term":[{"taxonomy":"category","embeddable":true,"href":"https:\/\/www.europesays.com\/fr\/wp-json\/wp\/v2\/categories?post=371740"},{"taxonomy":"post_tag","embeddable":true,"href":"https:\/\/www.europesays.com\/fr\/wp-json\/wp\/v2\/tags?post=371740"}],"curies":[{"name":"wp","href":"https:\/\/api.w.org\/{rel}","templated":true}]}}