{"id":371742,"date":"2025-09-06T23:37:17","date_gmt":"2025-09-06T23:37:17","guid":{"rendered":"https:\/\/www.europesays.com\/fr\/371742\/"},"modified":"2025-09-06T23:37:17","modified_gmt":"2025-09-06T23:37:17","slug":"dans-les-coulisses-de-la-plus-vieille-emission-du-paf-a-leglise-saint-etienne-de-neuvy-saint-sepulchre","status":"publish","type":"post","link":"https:\/\/www.europesays.com\/fr\/371742\/","title":{"rendered":"Dans les coulisses de la plus vieille \u00e9mission du PAF, \u00e0 l\u2019\u00e9glise Saint-\u00c9tienne de Neuvy-Saint-S\u00e9pulchre"},"content":{"rendered":"<p>Branle-bas de combat, vendredi 5\u00a0septembre 2025, \u00e0 l\u2019int\u00e9rieur et ext\u00e9rieur de la petite basilique catholique\u00a0de <a target=\"_self\" href=\"https:\/\/www.lanouvellerepublique.fr\/indre\/commune\/neuvy-saint-sepulchre\/un-demi-siecle-d-engagement-pour-la-foire-bio-de-neuvy-saint-sepulchre-1756577806\" rel=\"noopener\">Neuvy-Saint-S\u00e9pulchre<\/a> (Indre), village aux 1.650 \u00e2mes. L\u2019\u00e9glise Saint-\u00c9tienne, au sud de Ch\u00e2teauroux, s\u2019appr\u00eate \u00e0 accueillir le tournage d\u2019une \u00e9mission susceptible de rassembler, excusez du peu, pr\u00e8s de 800.000 t\u00e9l\u00e9spectateurs\u00a0\u2013 l\u2019\u00e9quipe pr\u00e9f\u00e8re parler de \u00ab\u00a0t\u00e9l\u00e9-fid\u00e8les\u00a0\u00bb.<\/p>\n<p>Les armes des \u00e9quipes de France T\u00e9l\u00e9visions ont beau \u00eatre fourbies\u00a0\u2013 l\u2019\u00e9mission est la plus vieille du PAF (paysage audiovisuel fran\u00e7ais), elle perdure depuis 1948 \u2013, Le Jour du Seigneur\u00a0a beau revenir pour la troisi\u00e8me fois en moins de vingt ans dans <a target=\"_self\" href=\"https:\/\/www.lanouvellerepublique.fr\/indre\/commune\/neuvy-saint-sepulchre\/neuvy-saint-sepulchre-une-nouvelle-saison-pour-la-chorale-a-cappella-1756723253\" rel=\"noopener\">ce petit bourg de l\u2019Indre<\/a> afin d\u2019y capter des ouailles en pri\u00e8re, le monde a beau ressembler \u00e0 un village, il y a tout de m\u00eame quelque chose d\u2019\u00e9trange \u00e0 observer la pr\u00e9paration d\u2019un tel choc des temporalit\u00e9s\u00a0: la communion d\u2019une poign\u00e9e d\u2019Indriens avec le pape L\u00e9on XIV, situ\u00e9, lui, en Italie&#8230;. <\/p>\n<p>    Cet article a \u00e9t\u00e9 tronqu\u00e9. Abonnez-vous pour lire l&rsquo;article complet sur notre site.<\/p>\n<p style=\"margin: 0 !important; padding: 0 !important; font-size: 12px !important;\">Cet article a \u00e9t\u00e9 tronqu\u00e9. Abonnez-vous pour lire l&rsquo;article complet.<\/p>\n<p>    <a href=\"https:\/\/www.lanouvellerepublique.fr\/abonnements\" style=\"display: inline-block; margin-top: 5px !important; padding: 6px 12px !important; background: #cb1c27; color: white; text-decoration: none; border-radius: 4px; font-size: 12px !important;\" target=\"_blank\" rel=\"noopener\"><br \/>\n      S&rsquo;abonner<br \/>\n    <\/a><\/p>\n","protected":false},"excerpt":{"rendered":"Branle-bas de combat, vendredi 5\u00a0septembre 2025, \u00e0 l\u2019int\u00e9rieur et ext\u00e9rieur de la petite basilique catholique\u00a0de Neuvy-Saint-S\u00e9pulchre (Indre), village&hellip;\n","protected":false},"author":2,"featured_media":371743,"comment_status":"","ping_status":"","sticky":false,"template":"","format":"standard","meta":{"footnotes":""},"categories":[9653],"tags":[1392,1111,11,2430,1777,674,1011,27,5052,500,50580,12,11725,25,4001,252],"class_list":{"0":"post-371742","1":"post","2":"type-post","3":"status-publish","4":"format-standard","5":"has-post-thumbnail","7":"category-saint-etienne","8":"tag-a-la-une-local","9":"tag-actu","10":"tag-actualites","11":"tag-auvergne-rhone-alpes","12":"tag-eu","13":"tag-europe","14":"tag-fr","15":"tag-france","16":"tag-indre","17":"tag-medias","18":"tag-neuvy-saint-sepulchre","19":"tag-news","20":"tag-religions","21":"tag-republique-francaise","22":"tag-saint-etienne","23":"tag-television"},"share_on_mastodon":{"url":"https:\/\/pubeurope.com\/@fr\/115159986515885342","error":""},"_links":{"self":[{"href":"https:\/\/www.europesays.com\/fr\/wp-json\/wp\/v2\/posts\/371742","targetHints":{"allow":["GET"]}}],"collection":[{"href":"https:\/\/www.europesays.com\/fr\/wp-json\/wp\/v2\/posts"}],"about":[{"href":"https:\/\/www.europesays.com\/fr\/wp-json\/wp\/v2\/types\/post"}],"author":[{"embeddable":true,"href":"https:\/\/www.europesays.com\/fr\/wp-json\/wp\/v2\/users\/2"}],"replies":[{"embeddable":true,"href":"https:\/\/www.europesays.com\/fr\/wp-json\/wp\/v2\/comments?post=371742"}],"version-history":[{"count":0,"href":"https:\/\/www.europesays.com\/fr\/wp-json\/wp\/v2\/posts\/371742\/revisions"}],"wp:featuredmedia":[{"embeddable":true,"href":"https:\/\/www.europesays.com\/fr\/wp-json\/wp\/v2\/media\/371743"}],"wp:attachment":[{"href":"https:\/\/www.europesays.com\/fr\/wp-json\/wp\/v2\/media?parent=371742"}],"wp:term":[{"taxonomy":"category","embeddable":true,"href":"https:\/\/www.europesays.com\/fr\/wp-json\/wp\/v2\/categories?post=371742"},{"taxonomy":"post_tag","embeddable":true,"href":"https:\/\/www.europesays.com\/fr\/wp-json\/wp\/v2\/tags?post=371742"}],"curies":[{"name":"wp","href":"https:\/\/api.w.org\/{rel}","templated":true}]}}