{"id":371746,"date":"2025-09-06T23:44:23","date_gmt":"2025-09-06T23:44:23","guid":{"rendered":"https:\/\/www.europesays.com\/fr\/371746\/"},"modified":"2025-09-06T23:44:23","modified_gmt":"2025-09-06T23:44:23","slug":"des-zones-floues-un-mis-en-examen-qui-reste-libre","status":"publish","type":"post","link":"https:\/\/www.europesays.com\/fr\/371746\/","title":{"rendered":"des zones floues, un mis en examen qui reste libre"},"content":{"rendered":"<p>Pr\u00e9sent\u00e9 le 22\u00a0ao\u00fbt aux magistrats du tribunal judiciaire de Nancy, un individu, mis en examen par un juge d\u2019instruction du chef de \u00ab\u00a0viol sur mineure de moins de\u00a015 ans\u00a0\u00bb, avait \u00e9t\u00e9 remis en libert\u00e9 sous contr\u00f4le judiciaire\u00a0(CJ) strict. Quand bien m\u00eame\u00a0parquet et magistrat instructeur s\u2019\u00e9taient prononc\u00e9s pour son placement en d\u00e9tention provisoire. Il est soup\u00e7onn\u00e9 d\u2019avoir viol\u00e9 une fillette le 16 ao\u00fbt plage des Deux-Rives \u00e0 Tomblaine.<\/p>\n<p>Pas le profil<\/p>\n<p>Le juge des libert\u00e9s et de la d\u00e9tention (JLD) avait estim\u00e9 que l\u2019incarc\u00e9ration apparaissait disproportionn\u00e9e au regard des zones floues qui persistaient durant l\u2019enqu\u00eate pr\u00e9liminaire. Par ailleurs, le casier judiciaire du mis en cause &#8211; en d\u00e9pit de huit condamnations entre 2019 et juin\u00a02025 pour des faits de vol ou violence &#8211; ne soulignait pas un profil de d\u00e9linquant sexuel. Le procureur a interjet\u00e9 appel de l\u2019ordonnance du JLD et la Chambre de l\u2019instruction statuait, jeudi, sur&#8230;<\/p>\n","protected":false},"excerpt":{"rendered":"Pr\u00e9sent\u00e9 le 22\u00a0ao\u00fbt aux magistrats du tribunal judiciaire de Nancy, un individu, mis en examen par un juge&hellip;\n","protected":false},"author":2,"featured_media":369686,"comment_status":"","ping_status":"","sticky":false,"template":"","format":"standard","meta":{"footnotes":""},"categories":[9635],"tags":[1111,11,271,272,1777,674,274,1011,27,775,1702,12,3456,25],"class_list":{"0":"post-371746","1":"post","2":"type-post","3":"status-publish","4":"format-standard","5":"has-post-thumbnail","7":"category-nancy","8":"tag-actu","9":"tag-actualites","10":"tag-crime","11":"tag-delit-et-contravention","12":"tag-eu","13":"tag-europe","14":"tag-faits-divers-justice","15":"tag-fr","16":"tag-france","17":"tag-grand-est","18":"tag-nancy","19":"tag-news","20":"tag-region-lorraine","21":"tag-republique-francaise"},"share_on_mastodon":{"url":"https:\/\/pubeurope.com\/@fr\/115160014034503556","error":""},"_links":{"self":[{"href":"https:\/\/www.europesays.com\/fr\/wp-json\/wp\/v2\/posts\/371746","targetHints":{"allow":["GET"]}}],"collection":[{"href":"https:\/\/www.europesays.com\/fr\/wp-json\/wp\/v2\/posts"}],"about":[{"href":"https:\/\/www.europesays.com\/fr\/wp-json\/wp\/v2\/types\/post"}],"author":[{"embeddable":true,"href":"https:\/\/www.europesays.com\/fr\/wp-json\/wp\/v2\/users\/2"}],"replies":[{"embeddable":true,"href":"https:\/\/www.europesays.com\/fr\/wp-json\/wp\/v2\/comments?post=371746"}],"version-history":[{"count":0,"href":"https:\/\/www.europesays.com\/fr\/wp-json\/wp\/v2\/posts\/371746\/revisions"}],"wp:featuredmedia":[{"embeddable":true,"href":"https:\/\/www.europesays.com\/fr\/wp-json\/wp\/v2\/media\/369686"}],"wp:attachment":[{"href":"https:\/\/www.europesays.com\/fr\/wp-json\/wp\/v2\/media?parent=371746"}],"wp:term":[{"taxonomy":"category","embeddable":true,"href":"https:\/\/www.europesays.com\/fr\/wp-json\/wp\/v2\/categories?post=371746"},{"taxonomy":"post_tag","embeddable":true,"href":"https:\/\/www.europesays.com\/fr\/wp-json\/wp\/v2\/tags?post=371746"}],"curies":[{"name":"wp","href":"https:\/\/api.w.org\/{rel}","templated":true}]}}