{"id":371747,"date":"2025-09-06T23:46:11","date_gmt":"2025-09-06T23:46:11","guid":{"rendered":"https:\/\/www.europesays.com\/fr\/371747\/"},"modified":"2025-09-06T23:46:11","modified_gmt":"2025-09-06T23:46:11","slug":"toulon-simone-emonet-de-catherine-millet","status":"publish","type":"post","link":"https:\/\/www.europesays.com\/fr\/371747\/","title":{"rendered":"TOULON : \u00ab\u00a0Simone \u00c9monet\u00a0\u00bb, de Catherine MILLET"},"content":{"rendered":"<p style=\"text-align: left;\"><strong>C\u2019est la rentr\u00e9e litt\u00e9raire !<\/strong><\/p>\n<p style=\"text-align: left;\">Au programme de la premi\u00e8re \u00e9mission de cette dix-huiti\u00e8me saison : \u00e9v\u00e8nements, surprises et d\u00e9couvertes !<\/p>\n<p style=\"text-align: left;\"><strong>Retrouvez les livres de l\u2019\u00e9mission dans notre librairie !<\/strong><\/p>\n<p style=\"text-align: left;\">Exigence de v\u00e9rit\u00e9 que partage Catherine Millet. Depuis son entr\u00e9e fracassante en litt\u00e9rature il y a bient\u00f4t 25 ans avec La vie sexuelle de Catherine M, ph\u00e9nom\u00e8ne \u00e9ditorial \u00e9coul\u00e9 \u00e0 2,5 millions d\u2019exemplaires et traduit en 44 langues, elle continue \u00e0 diss\u00e9quer l\u2019intime de son \u00e9criture au scalpel ! Dans son nouveau livre, elle analyse la relation qu\u2019elle entretenait avec sa m\u00e8re, Simone \u00c9monet. Une femme \u00e9nigmatique, qui se suicida par une matin\u00e9e du printemps 1982, et dont elle tente de cerner le myst\u00e8re en exhumant souvenirs et photographies. R\u00e9flexion brillante et originale sur la filiation, le corps, les images et la m\u00e9moire.<\/p>\n<p style=\"text-align: left;\"><a href=\"https:\/\/t.communication.libraires-ensemble.com\/l2\/82rcHfPdq21\/358228\/4129938739.html?s=20\" rel=\"nofollow noopener\" target=\"_blank\">Commander le livre<\/a><\/p>\n<p style=\"text-align: left;\"><strong>SOURCE : Librairie Charlemagne Toulon. <\/strong><\/p>\n","protected":false},"excerpt":{"rendered":"C\u2019est la rentr\u00e9e litt\u00e9raire ! Au programme de la premi\u00e8re \u00e9mission de cette dix-huiti\u00e8me saison : \u00e9v\u00e8nements, surprises&hellip;\n","protected":false},"author":2,"featured_media":371748,"comment_status":"","ping_status":"","sticky":false,"template":"","format":"standard","meta":{"footnotes":""},"categories":[9619],"tags":[1111,11,1777,674,1011,27,12,882,25,2310],"class_list":{"0":"post-371747","1":"post","2":"type-post","3":"status-publish","4":"format-standard","5":"has-post-thumbnail","7":"category-toulon","8":"tag-actu","9":"tag-actualites","10":"tag-eu","11":"tag-europe","12":"tag-fr","13":"tag-france","14":"tag-news","15":"tag-provence-alpes-cote-dazur","16":"tag-republique-francaise","17":"tag-toulon"},"share_on_mastodon":{"url":"https:\/\/pubeurope.com\/@fr\/115160021945190139","error":""},"_links":{"self":[{"href":"https:\/\/www.europesays.com\/fr\/wp-json\/wp\/v2\/posts\/371747","targetHints":{"allow":["GET"]}}],"collection":[{"href":"https:\/\/www.europesays.com\/fr\/wp-json\/wp\/v2\/posts"}],"about":[{"href":"https:\/\/www.europesays.com\/fr\/wp-json\/wp\/v2\/types\/post"}],"author":[{"embeddable":true,"href":"https:\/\/www.europesays.com\/fr\/wp-json\/wp\/v2\/users\/2"}],"replies":[{"embeddable":true,"href":"https:\/\/www.europesays.com\/fr\/wp-json\/wp\/v2\/comments?post=371747"}],"version-history":[{"count":0,"href":"https:\/\/www.europesays.com\/fr\/wp-json\/wp\/v2\/posts\/371747\/revisions"}],"wp:featuredmedia":[{"embeddable":true,"href":"https:\/\/www.europesays.com\/fr\/wp-json\/wp\/v2\/media\/371748"}],"wp:attachment":[{"href":"https:\/\/www.europesays.com\/fr\/wp-json\/wp\/v2\/media?parent=371747"}],"wp:term":[{"taxonomy":"category","embeddable":true,"href":"https:\/\/www.europesays.com\/fr\/wp-json\/wp\/v2\/categories?post=371747"},{"taxonomy":"post_tag","embeddable":true,"href":"https:\/\/www.europesays.com\/fr\/wp-json\/wp\/v2\/tags?post=371747"}],"curies":[{"name":"wp","href":"https:\/\/api.w.org\/{rel}","templated":true}]}}