{"id":371749,"date":"2025-09-06T23:47:10","date_gmt":"2025-09-06T23:47:10","guid":{"rendered":"https:\/\/www.europesays.com\/fr\/371749\/"},"modified":"2025-09-06T23:47:10","modified_gmt":"2025-09-06T23:47:10","slug":"previsions-du-dimanche-7-septembre-2025","status":"publish","type":"post","link":"https:\/\/www.europesays.com\/fr\/371749\/","title":{"rendered":"pr\u00e9visions du dimanche 7 septembre 2025"},"content":{"rendered":"<p>C&rsquo;est une belle journ\u00e9e dont va profiter Montpellier, o\u00f9 le soleil va briller intens\u00e9ment. Les temp\u00e9ratures avoisineront les 22\u00b0C. Le matin, on pr\u00e9voit des temp\u00e9ratures avoisinant 22\u00b0C. Un vent de nord-est rafra\u00eechira sensiblement l&rsquo;atmosph\u00e8re. Les valeurs seront de 23\u00b0C au plus bas et de 25\u00b0C au plus haut l&rsquo;apr\u00e8s-midi. Il va faire environ 21\u00b0C, le soir. Durant la nuit de dimanche \u00e0 lundi, le ciel sera limpide.<\/p>\n<p>Demain, un grand soleil brillera sur Montpellier. Une m\u00e9t\u00e9o plus chaude est \u00e0 pr\u00e9voir puisque les temp\u00e9ratures vont enregistrer une hausse. Les valeurs s&rsquo;\u00e9chelonneront entre 19 et 26\u00b0C. Il fera 23\u00b0C en moyenne le matin. Un vent de nord-est soufflera l\u00e9g\u00e8rement, avec 4 km\/h. Les valeurs afficheront entre 24\u00b0C et 26\u00b0C dans l&rsquo;apr\u00e8s-midi. La ville aura quelques \u00e9claircies demain soir. Le thermom\u00e8tre affichera 22\u00b0C en moyenne. Un l\u00e9ger vent de sud-ouest soufflera.<\/p>\n<p>Le temps sera relativement instable les jours qui suivent. Les conditions m\u00e9t\u00e9orologiques seront pluvieuses mardi mais elles conna\u00eetront une am\u00e9lioration mercredi.<\/p>\n<p><\/p>\n","protected":false},"excerpt":{"rendered":"C&rsquo;est une belle journ\u00e9e dont va profiter Montpellier, o\u00f9 le soleil va briller intens\u00e9ment. Les temp\u00e9ratures avoisineront les&hellip;\n","protected":false},"author":2,"featured_media":371750,"comment_status":"","ping_status":"","sticky":false,"template":"","format":"standard","meta":{"footnotes":""},"categories":[9599],"tags":[1111,11,1777,674,1011,27,7089,2681,2208,12,2680,2119,25],"class_list":{"0":"post-371749","1":"post","2":"type-post","3":"status-publish","4":"format-standard","5":"has-post-thumbnail","7":"category-montpellier","8":"tag-actu","9":"tag-actualites","10":"tag-eu","11":"tag-europe","12":"tag-fr","13":"tag-france","14":"tag-herault","15":"tag-languedoc-roussillon","16":"tag-montpellier","17":"tag-news","18":"tag-occitanie","19":"tag-previsions-meteo","20":"tag-republique-francaise"},"share_on_mastodon":{"url":"https:\/\/pubeurope.com\/@fr\/115160025892132269","error":""},"_links":{"self":[{"href":"https:\/\/www.europesays.com\/fr\/wp-json\/wp\/v2\/posts\/371749","targetHints":{"allow":["GET"]}}],"collection":[{"href":"https:\/\/www.europesays.com\/fr\/wp-json\/wp\/v2\/posts"}],"about":[{"href":"https:\/\/www.europesays.com\/fr\/wp-json\/wp\/v2\/types\/post"}],"author":[{"embeddable":true,"href":"https:\/\/www.europesays.com\/fr\/wp-json\/wp\/v2\/users\/2"}],"replies":[{"embeddable":true,"href":"https:\/\/www.europesays.com\/fr\/wp-json\/wp\/v2\/comments?post=371749"}],"version-history":[{"count":0,"href":"https:\/\/www.europesays.com\/fr\/wp-json\/wp\/v2\/posts\/371749\/revisions"}],"wp:featuredmedia":[{"embeddable":true,"href":"https:\/\/www.europesays.com\/fr\/wp-json\/wp\/v2\/media\/371750"}],"wp:attachment":[{"href":"https:\/\/www.europesays.com\/fr\/wp-json\/wp\/v2\/media?parent=371749"}],"wp:term":[{"taxonomy":"category","embeddable":true,"href":"https:\/\/www.europesays.com\/fr\/wp-json\/wp\/v2\/categories?post=371749"},{"taxonomy":"post_tag","embeddable":true,"href":"https:\/\/www.europesays.com\/fr\/wp-json\/wp\/v2\/tags?post=371749"}],"curies":[{"name":"wp","href":"https:\/\/api.w.org\/{rel}","templated":true}]}}