{"id":371751,"date":"2025-09-06T23:48:11","date_gmt":"2025-09-06T23:48:11","guid":{"rendered":"https:\/\/www.europesays.com\/fr\/371751\/"},"modified":"2025-09-06T23:48:11","modified_gmt":"2025-09-06T23:48:11","slug":"top-14-auguste-cadot-montpellier-on-va-voir-si-ce-groupe-a-du-caractere-pour-se-relever","status":"publish","type":"post","link":"https:\/\/www.europesays.com\/fr\/371751\/","title":{"rendered":"Top 14 \u2013 Auguste Cadot (Montpellier)\u00a0: \u00ab\u00a0On va voir si ce groupe a du caract\u00e8re pour se relever\u00a0\u00bb"},"content":{"rendered":"<p>\n                D\u00e9faits d\u2019embl\u00e9e \u00e0 domicile par des Toulonnais sup\u00e9rieurs, les Montpelli\u00e9rains d\u2019Auguste Cadot ont, comme la saison derni\u00e8re, rat\u00e9 leur premi\u00e8re r\u00e9ception. Mais le centre esp\u00e8re que son groupe saura apprendre de ses erreurs.\n            <\/p>\n<p><strong>Cette d\u00e9faite conc\u00e9d\u00e9e d\u2019embl\u00e9e \u00e0 domicile est-elle un gros coup de massue sur la t\u00eate\u00a0?<\/strong><\/p>\n<p>C\u2019est s\u00fbr. Cela fait deux mois que l\u2019on se pr\u00e9pare, on a fait une grosse pr\u00e9saison. Pour un premier match \u00e0 la maison, c\u2019est une grande d\u00e9sillusion. Que dire de plus\u00a0? On est d\u00e9go\u00fbt\u00e9s. Il va falloir se remettre au travail lundi. On a un gros d\u00e9placement \u00e0 Bayonne la semaine prochaine. Il va falloir que l\u2019on se rattrape de \u00e7a, d\u00e9j\u00e0, d\u2019entr\u00e9e.<\/p>\n<p><strong>On a le sentiment que vous n\u2019avez pas m\u00e9nag\u00e9 vos efforts, mais vous avez toujours tap\u00e9 dans un mur quand vous aviez le ballon\u2026<\/strong><\/p>\n<p>Cela a \u00e9t\u00e9 tr\u00e8s compliqu\u00e9 en effet. Apr\u00e8s, on trouve quand m\u00eame une ou deux solutions. C\u2019est s\u00fbr que le rugby, \u00e7a passe aussi par l\u00e0, par la confrontation physique. Je pense qu\u2019il y a des coups qu\u2019on peut mieux jouer. On n\u2019arrive pas \u00e0 tout exploiter. Il faut qu\u2019on voie le positif dans ce match un peu compliqu\u00e9. Mais on trouvera les solutions pour les prochaines semaines. La deuxi\u00e8me mi-temps \u00e9tait un peu mieux\u2026<\/p>\n<p><strong>La domination physique toulonnaise en premi\u00e8re mi-temps vous a donc plomb\u00e9\u00a0?<\/strong><\/p>\n<p>La dimension physique, c\u2019est une des bases du rugby en tout cas. Si on subit, c\u2019est d\u00e9licat apr\u00e8s de pouvoir avancer, attaquer. En premi\u00e8re mi-temps, nous \u00e9tions dans l\u2019inconfort total. On est revenus avec d\u2019autres intentions, une autre \u00e9nergie mais on n\u2019a pas su le faire. \u00c7a fait chier.<\/p>\n<p><strong>On a vu votre manager Joan Caudullo tr\u00e8s remont\u00e9, la mi-temps. Quel fut son message, \u00e0 ce moment-l\u00e0\u00a0?<\/strong><\/p>\n<p>Il a \u00e9t\u00e9 clair et \u00e9vident. Ce n\u2019est pas compliqu\u00e9\u00a0: quand on ne met pas les ingr\u00e9dients qu\u2019il faut\u2026 C\u2019\u00e9tait surtout sur l\u2019\u00e9tat d\u2019esprit, l\u2019agressivit\u00e9, l\u2019intensit\u00e9\u00a0: on n\u2019y \u00e9tait pas. Il fallait qu\u2019on revoie la base du jeu. Sans parler de strat\u00e9gie ou de tactique. Il fallait qu\u2019on se remette \u00e0 plaquer, monter, d\u00e9fendre, \u00eatre agressif. Gagner la guerre des rucks parce qu\u2019on s\u2019est fait bouffer aussi. Il fallait tout revoir \u00e0 la mi-temps.<\/p>\n<p><strong>Est-ce que le fait d\u2019avoir perdu Lennox Anyanwu d\u2019entr\u00e9e vous a mis un coup au moral\u00a0? Le jeu a \u00e9t\u00e9 interrompu longtemps, est-ce que cela vous a coup\u00e9 les jambes\u00a0?<\/strong><\/p>\n<p>Apr\u00e8s, c\u2019est pareil pour tout le monde. C\u2019est vrai que je suis attrist\u00e9 pour lui parce qu\u2019il a fait une bonne pr\u00e9paration et de bons matchs amicaux. En plus, on \u00e9tait contents de pouvoir commencer ensemble. Apr\u00e8s, Arthur rentre vite. C\u2019est un fait de jeu.<\/p>\n<p><strong>Justement, la dimension physique est l\u2019une des qualit\u00e9s du profil d\u2019Anyanwu, il vous a d\u2019autant plus manqu\u00e9\u00a0?<\/strong><\/p>\n<p>Quand Lennox est sorti, je ne me suis pas dit cela. J\u2019\u00e9tais plus triste pour lui parce qu\u2019on travaille ensemble depuis plusieurs semaines. Apr\u00e8s, Arthur (Vincent, NDLR.) est un habitu\u00e9 du tr\u00e8s haut niveau. Il n\u2019y a pas de soucis l\u00e0-dessus. J\u2019\u00e9tais aussi serein en sachant qu\u2019il rentrait. C\u2019est un leader dans l\u2019\u00e9quipe. On ne se dit pas qu\u2019on perd un r\u00e9el atout.<\/p>\n<p><strong>L\u2019ann\u00e9e derni\u00e8re d\u00e9j\u00e0, vous aviez perdu \u00e0 la maison d\u00e8s la premi\u00e8re journ\u00e9e et vous aviez longtemps tra\u00een\u00e9 cette d\u00e9faite comme un boulet. Craignez-vous que ce sc\u00e9nario se reproduise\u00a0?<\/strong><\/p>\n<p>Non car on va tout faire pour apprendre nos erreurs. Chaque ann\u00e9e est diff\u00e9rente. Apr\u00e8s, on sait que la saison est tr\u00e8s longue. Il y a 26 matchs. Ce qui compte, c\u2019est de se relever. On a de grosses r\u00e9ceptions, de gros d\u00e9placements. On va voir si le groupe, comme on dit, depuis quelques semaines, a du caract\u00e8re pour se relever de \u00e7a. Il faut qu\u2019on aille chercher des points d\u00e8s la semaine prochaine.<\/p>\n","protected":false},"excerpt":{"rendered":"D\u00e9faits d\u2019embl\u00e9e \u00e0 domicile par des Toulonnais sup\u00e9rieurs, les Montpelli\u00e9rains d\u2019Auguste Cadot ont, comme la saison derni\u00e8re, rat\u00e9&hellip;\n","protected":false},"author":2,"featured_media":371752,"comment_status":"","ping_status":"","sticky":false,"template":"","format":"standard","meta":{"footnotes":""},"categories":[9599],"tags":[1111,11,1777,674,1011,27,2208,12,2680,25],"class_list":{"0":"post-371751","1":"post","2":"type-post","3":"status-publish","4":"format-standard","5":"has-post-thumbnail","7":"category-montpellier","8":"tag-actu","9":"tag-actualites","10":"tag-eu","11":"tag-europe","12":"tag-fr","13":"tag-france","14":"tag-montpellier","15":"tag-news","16":"tag-occitanie","17":"tag-republique-francaise"},"share_on_mastodon":{"url":"https:\/\/pubeurope.com\/@fr\/115160029749770914","error":""},"_links":{"self":[{"href":"https:\/\/www.europesays.com\/fr\/wp-json\/wp\/v2\/posts\/371751","targetHints":{"allow":["GET"]}}],"collection":[{"href":"https:\/\/www.europesays.com\/fr\/wp-json\/wp\/v2\/posts"}],"about":[{"href":"https:\/\/www.europesays.com\/fr\/wp-json\/wp\/v2\/types\/post"}],"author":[{"embeddable":true,"href":"https:\/\/www.europesays.com\/fr\/wp-json\/wp\/v2\/users\/2"}],"replies":[{"embeddable":true,"href":"https:\/\/www.europesays.com\/fr\/wp-json\/wp\/v2\/comments?post=371751"}],"version-history":[{"count":0,"href":"https:\/\/www.europesays.com\/fr\/wp-json\/wp\/v2\/posts\/371751\/revisions"}],"wp:featuredmedia":[{"embeddable":true,"href":"https:\/\/www.europesays.com\/fr\/wp-json\/wp\/v2\/media\/371752"}],"wp:attachment":[{"href":"https:\/\/www.europesays.com\/fr\/wp-json\/wp\/v2\/media?parent=371751"}],"wp:term":[{"taxonomy":"category","embeddable":true,"href":"https:\/\/www.europesays.com\/fr\/wp-json\/wp\/v2\/categories?post=371751"},{"taxonomy":"post_tag","embeddable":true,"href":"https:\/\/www.europesays.com\/fr\/wp-json\/wp\/v2\/tags?post=371751"}],"curies":[{"name":"wp","href":"https:\/\/api.w.org\/{rel}","templated":true}]}}