{"id":371753,"date":"2025-09-06T23:50:14","date_gmt":"2025-09-06T23:50:14","guid":{"rendered":"https:\/\/www.europesays.com\/fr\/371753\/"},"modified":"2025-09-06T23:50:14","modified_gmt":"2025-09-06T23:50:14","slug":"une-berrichonne-parmi-les-anges-apres-sa-victoire-a-rouen","status":"publish","type":"post","link":"https:\/\/www.europesays.com\/fr\/371753\/","title":{"rendered":"une Berrichonne parmi les anges apr\u00e8s sa victoire \u00e0 Rouen"},"content":{"rendered":"<p><strong>Rouen\u00a0&#8211; Berrichonne de Ch\u00e2teauroux\u00a0: 1-2<\/strong><\/p>\n<p><strong>De l\u2019un de nos envoy\u00e9s sp\u00e9ciaux \u00e0 Rouen.<\/strong><\/p>\n<p>D\u2019aucuns auraient annonc\u00e9 l\u2019enfer \u00e0 la Berrichonne dans l\u2019antre des Diables Rouges. Au lieu de \u00e7a, l\u2019\u00e9quipe de Valentin Guichard sera sur son petit nuage ce samedi 6\u00a0septembre dans le bus du retour. De l\u00e0 \u00e0 parler de paradis, il n\u2019y a qu\u2019un pas. Une chose est s\u00fbre, Ch\u00e2teauroux va se sentir tout l\u00e9ger au moment de savourer sa premi\u00e8re victoire de la saison qui fait figure d\u2019exploit. Car la flamme attis\u00e9e par 5.341 spectateurs avides de football apr\u00e8s cinq mois d\u2019abstinence forc\u00e9e a \u00e9t\u00e9 \u00e9teinte par des Berrichons pragmatiques, en r\u00e9ussite, solides jusqu\u2019au bout et donc\u2026 vainqueurs.<\/p>\n<p>Le pari du staff aura donc \u00e9t\u00e9 le bon avec un syst\u00e8me en 5-4-1 tr\u00e8s axial, id\u00e9al pour mettre de la technique et de la densit\u00e9 au milieu de terrain, avec des profils comme Th\u00e9o Trinker, Ronaldo Freitas, Samba Demb\u00e9l\u00e9 et Issam Bouaoune tous titulaires au coup d\u2019envoi&#8230;. <\/p>\n<p>    Cet article a \u00e9t\u00e9 tronqu\u00e9. Abonnez-vous pour lire l&rsquo;article complet sur notre site.<\/p>\n<p style=\"margin: 0 !important; padding: 0 !important; font-size: 12px !important;\">Cet article a \u00e9t\u00e9 tronqu\u00e9. Abonnez-vous pour lire l&rsquo;article complet.<\/p>\n<p>    <a href=\"https:\/\/www.lanouvellerepublique.fr\/abonnements\" style=\"display: inline-block; margin-top: 5px !important; padding: 6px 12px !important; background: #cb1c27; color: white; text-decoration: none; border-radius: 4px; font-size: 12px !important;\" target=\"_blank\" rel=\"noopener\"><br \/>\n      S&rsquo;abonner<br \/>\n    <\/a><\/p>\n","protected":false},"excerpt":{"rendered":"Rouen\u00a0&#8211; Berrichonne de Ch\u00e2teauroux\u00a0: 1-2 De l\u2019un de nos envoy\u00e9s sp\u00e9ciaux \u00e0 Rouen. D\u2019aucuns auraient annonc\u00e9 l\u2019enfer \u00e0&hellip;\n","protected":false},"author":2,"featured_media":371754,"comment_status":"","ping_status":"","sticky":false,"template":"","format":"standard","meta":{"footnotes":""},"categories":[9587],"tags":[1392,1111,11,4351,1777,674,63,1011,27,5052,19881,19880,3238,12,5161,25,9590,60],"class_list":{"0":"post-371753","1":"post","2":"type-post","3":"status-publish","4":"format-standard","5":"has-post-thumbnail","7":"category-rouen","8":"tag-a-la-une-local","9":"tag-actu","10":"tag-actualites","11":"tag-chateauroux","12":"tag-eu","13":"tag-europe","14":"tag-football","15":"tag-fr","16":"tag-france","17":"tag-indre","18":"tag-la-berri-foot","19":"tag-la-berrichonne-football","20":"tag-national","21":"tag-news","22":"tag-normandie","23":"tag-republique-francaise","24":"tag-rouen","25":"tag-sports"},"share_on_mastodon":{"url":"https:\/\/pubeurope.com\/@fr\/115160037631075620","error":""},"_links":{"self":[{"href":"https:\/\/www.europesays.com\/fr\/wp-json\/wp\/v2\/posts\/371753","targetHints":{"allow":["GET"]}}],"collection":[{"href":"https:\/\/www.europesays.com\/fr\/wp-json\/wp\/v2\/posts"}],"about":[{"href":"https:\/\/www.europesays.com\/fr\/wp-json\/wp\/v2\/types\/post"}],"author":[{"embeddable":true,"href":"https:\/\/www.europesays.com\/fr\/wp-json\/wp\/v2\/users\/2"}],"replies":[{"embeddable":true,"href":"https:\/\/www.europesays.com\/fr\/wp-json\/wp\/v2\/comments?post=371753"}],"version-history":[{"count":0,"href":"https:\/\/www.europesays.com\/fr\/wp-json\/wp\/v2\/posts\/371753\/revisions"}],"wp:featuredmedia":[{"embeddable":true,"href":"https:\/\/www.europesays.com\/fr\/wp-json\/wp\/v2\/media\/371754"}],"wp:attachment":[{"href":"https:\/\/www.europesays.com\/fr\/wp-json\/wp\/v2\/media?parent=371753"}],"wp:term":[{"taxonomy":"category","embeddable":true,"href":"https:\/\/www.europesays.com\/fr\/wp-json\/wp\/v2\/categories?post=371753"},{"taxonomy":"post_tag","embeddable":true,"href":"https:\/\/www.europesays.com\/fr\/wp-json\/wp\/v2\/tags?post=371753"}],"curies":[{"name":"wp","href":"https:\/\/api.w.org\/{rel}","templated":true}]}}