{"id":371757,"date":"2025-09-06T23:55:15","date_gmt":"2025-09-06T23:55:15","guid":{"rendered":"https:\/\/www.europesays.com\/fr\/371757\/"},"modified":"2025-09-06T23:55:15","modified_gmt":"2025-09-06T23:55:15","slug":"n1f-une-premiere-encourageante-de-lentente-bro-leon-malgre-la-defaite-face-au-cpb-rennes","status":"publish","type":"post","link":"https:\/\/www.europesays.com\/fr\/371757\/","title":{"rendered":"N1F\u00a0: une premi\u00e8re encourageante de l\u2019Entente Bro Leon malgr\u00e9 la d\u00e9faite face au CPB Rennes"},"content":{"rendered":"<p>N1F. Entente Bro Leon &#8211; CPB Rennes\u00a0: 22-30<\/p>\n<p>R\u00e9cemment promu en N2, L\u2019entente Bro L\u00e9on commen\u00e7ait sa saison au niveau sup\u00e9rieur ce samedi soir \u00e0 domicile face au CPB Rennes. La premi\u00e8re p\u00e9riode s\u2019av\u00e9rait compliqu\u00e9e avec une d\u00e9fense rennaise qui emp\u00eachait les locales de trouver le chemin des filets. Ces derni\u00e8res devaient alors se reposer sur des individualit\u00e9s avec notamment Derrien (six buts en premi\u00e8re p\u00e9riode) pour d\u00e9jouer le bloc d\u00e9fensif adverse. Les attaques landivisiennes manquaient de r\u00e9ussite avec de nombreux arr\u00eats de la gardienne du CPB (11-14 \u00e0 la mi-temps). L\u2019EBL entamait la seconde p\u00e9riode avec plusieurs erreurs de transmissions et laissait Rennes prendre le large (12-20, 39\u2019), les joueuses de l\u2019ELB trouvaient la barre quand elles n\u2019\u00e9taient pas stopp\u00e9s par la gardienne\u00a0: rien ne leur souriait. L\u2019Entente Bro Leon a \u00e9galement souffert du nombre de penaltys conc\u00e9d\u00e9s. Malgr\u00e9 une bonne r\u00e9action au cours de la seconde p\u00e9riode, les Finist\u00e9riennes ne parvenaient pas \u00e0 combler ce retard (22-30, score final).<\/p>\n<p>\u00ab\u00a0Le score est s\u00e9v\u00e8re\u00a0\u00bb<\/p>\n<p>Le coach de l\u2019ELB se disait frustr\u00e9 du r\u00e9sultat apr\u00e8s la rencontre. \u00ab\u00a0C\u2019est dur, parce qu\u2019on a propos\u00e9 des choses int\u00e9ressantes en attaque mais on a manqu\u00e9 de constance, on a perdu trop de ballons b\u00eates et \u00e7a se paye cash, on a \u00e9galement manqu\u00e9 d\u2019agressivit\u00e9 d\u00e9fensivement mais on aura quelque chose \u00e0 jouer dans ce championnat si on corrige ces quelques erreurs\u00a0\u00bb, d\u00e9clarait-il. C\u2019est un r\u00e9sultat qui permet \u00e0 l\u2019Entente Bro Leon d\u2019apprendre et dont il faudra se servir pour la suite \u00ab\u00a0Le score est s\u00e9v\u00e8re, on aurait pu accrocher un meilleur r\u00e9sultat contre une \u00e9quipe qui joue le haut de tableau. \u00c7a reste un premier match avec un effectif tr\u00e8s jeune qui d\u00e9couvre pour la plupart ce niveau la donc elles vont apprendre.\u00a0\u00bb Prochain match en d\u00e9placement \u00e0 Villemomble le week-end prochain.<\/p>\n<p class=\"titre-tech\">La fiche technique<\/p>\n<p class=\"tech\"><strong class=\"tech\">ENTENTE BRO LEON\u00a0: <\/strong>Le Coat, Milin (1), Gery (2), Carcaillet, Le Nan (4), Auguste Ehleuter (1), Derrien (7), Guena (2), Le Mestre (2), Guillou (1), Maze (cap), Lando, Urien (2)<\/p>\n<p class=\"tech\"><strong class=\"tech\">CPB RENNES\u00a0: <\/strong>Boudaut-Fuseau, Guelou, Blanchard (2), Carnot (4), Le Maire (2), Garncarzyk (2), Menou (1), Pennaheac\u2019h (2), Troudet, Simon, Preaudat (7), Royer (cap) (5), Kergrohen (2), Le Bechennec (3)<\/p>\n","protected":false},"excerpt":{"rendered":"N1F. Entente Bro Leon &#8211; CPB Rennes\u00a0: 22-30 R\u00e9cemment promu en N2, L\u2019entente Bro L\u00e9on commen\u00e7ait sa saison&hellip;\n","protected":false},"author":2,"featured_media":371758,"comment_status":"","ping_status":"","sticky":false,"template":"","format":"standard","meta":{"footnotes":""},"categories":[2821],"tags":[1111,11,50418,829,1777,674,1011,27,1792,50420,6821,12,50421,584,25,60],"class_list":{"0":"post-371757","1":"post","2":"type-post","3":"status-publish","4":"format-standard","5":"has-post-thumbnail","7":"category-rennes","8":"tag-actu","9":"tag-actualites","10":"tag-bodilis","11":"tag-bretagne","12":"tag-eu","13":"tag-europe","14":"tag-fr","15":"tag-france","16":"tag-handball","17":"tag-lampaul-guimiliau","18":"tag-landivisiau","19":"tag-news","20":"tag-plougar","21":"tag-rennes","22":"tag-republique-francaise","23":"tag-sports"},"share_on_mastodon":{"url":"https:\/\/pubeurope.com\/@fr\/115160057413662931","error":""},"_links":{"self":[{"href":"https:\/\/www.europesays.com\/fr\/wp-json\/wp\/v2\/posts\/371757","targetHints":{"allow":["GET"]}}],"collection":[{"href":"https:\/\/www.europesays.com\/fr\/wp-json\/wp\/v2\/posts"}],"about":[{"href":"https:\/\/www.europesays.com\/fr\/wp-json\/wp\/v2\/types\/post"}],"author":[{"embeddable":true,"href":"https:\/\/www.europesays.com\/fr\/wp-json\/wp\/v2\/users\/2"}],"replies":[{"embeddable":true,"href":"https:\/\/www.europesays.com\/fr\/wp-json\/wp\/v2\/comments?post=371757"}],"version-history":[{"count":0,"href":"https:\/\/www.europesays.com\/fr\/wp-json\/wp\/v2\/posts\/371757\/revisions"}],"wp:featuredmedia":[{"embeddable":true,"href":"https:\/\/www.europesays.com\/fr\/wp-json\/wp\/v2\/media\/371758"}],"wp:attachment":[{"href":"https:\/\/www.europesays.com\/fr\/wp-json\/wp\/v2\/media?parent=371757"}],"wp:term":[{"taxonomy":"category","embeddable":true,"href":"https:\/\/www.europesays.com\/fr\/wp-json\/wp\/v2\/categories?post=371757"},{"taxonomy":"post_tag","embeddable":true,"href":"https:\/\/www.europesays.com\/fr\/wp-json\/wp\/v2\/tags?post=371757"}],"curies":[{"name":"wp","href":"https:\/\/api.w.org\/{rel}","templated":true}]}}