{"id":371759,"date":"2025-09-06T23:56:11","date_gmt":"2025-09-06T23:56:11","guid":{"rendered":"https:\/\/www.europesays.com\/fr\/371759\/"},"modified":"2025-09-06T23:56:11","modified_gmt":"2025-09-06T23:56:11","slug":"previsions-du-dimanche-7-septembre-2025-2","status":"publish","type":"post","link":"https:\/\/www.europesays.com\/fr\/371759\/","title":{"rendered":"pr\u00e9visions du dimanche 7 septembre 2025"},"content":{"rendered":"<p>Aujourd&rsquo;hui, les Strasbourgeois vont pouvoir b\u00e9n\u00e9ficier d&rsquo;un soleil magnifique. Il fera 19\u00b0C en moyenne. Un vent de sud-est soufflera l\u00e9g\u00e8rement, avec 3 km\/h. Un temps plus chaud est pr\u00e9vu l&rsquo;apr\u00e8s-midi \u00e9tant donn\u00e9 que les temp\u00e9ratures vont enregistrer une augmentation. Les valeurs afficheront entre 23\u00b0C et 26\u00b0C. Le soir, le vent va peu \u00e0 peu chasser la grisaille. Durant la nuit de dimanche \u00e0 lundi, le ciel sera d\u00e9pourvu de nuages.<\/p>\n<p>Demain, on verra l&rsquo;arriv\u00e9e de nuages \u00e0 Strasbourg. L&rsquo;air ambiant va se r\u00e9chauffer avec une hausse de quelques degr\u00e9s. Les temp\u00e9ratures seront comprises entre 16 et 25\u00b0C. En revanche, le ciel va quelque peu se d\u00e9gager dans la matin\u00e9e avec des \u00e9claircies. Un vent de sud rafra\u00eechira l\u00e9g\u00e8rement l&rsquo;atmosph\u00e8re. Demain apr\u00e8s-midi, c&rsquo;est sur un ciel couvert de nuages qu&rsquo;il faudra compter. Des pluies \u00e9parses vont tomber. D&rsquo;un autre c\u00f4t\u00e9, les temp\u00e9ratures vont monter de plusieurs degr\u00e9s. Les maximales iront jusqu&rsquo;\u00e0 25\u00b0C alors que les minimales seront de 23\u00b0C. Il sera compliqu\u00e9 de rester au sec car de la pluie est pr\u00e9vue dans la soir\u00e9e. Un petit vent d&rsquo;ouest sera ressenti par les habitants.<\/p>\n<p>Peu de changements au fil des jours. On anticipe des journ\u00e9es pluvieuses, accompagn\u00e9es par des temp\u00e9ratures dans les 18\u00b0C en moyenne.<\/p>\n<p><\/p>\n","protected":false},"excerpt":{"rendered":"Aujourd&rsquo;hui, les Strasbourgeois vont pouvoir b\u00e9n\u00e9ficier d&rsquo;un soleil magnifique. Il fera 19\u00b0C en moyenne. Un vent de sud-est&hellip;\n","protected":false},"author":2,"featured_media":371760,"comment_status":"","ping_status":"","sticky":false,"template":"","format":"standard","meta":{"footnotes":""},"categories":[2820],"tags":[1111,11,2389,2649,1777,674,1011,27,775,12,2119,25,640],"class_list":{"0":"post-371759","1":"post","2":"type-post","3":"status-publish","4":"format-standard","5":"has-post-thumbnail","7":"category-strasbourg","8":"tag-actu","9":"tag-actualites","10":"tag-alsace","11":"tag-bas-rhin","12":"tag-eu","13":"tag-europe","14":"tag-fr","15":"tag-france","16":"tag-grand-est","17":"tag-news","18":"tag-previsions-meteo","19":"tag-republique-francaise","20":"tag-strasbourg"},"share_on_mastodon":{"url":"https:\/\/pubeurope.com\/@fr\/115160061268457398","error":""},"_links":{"self":[{"href":"https:\/\/www.europesays.com\/fr\/wp-json\/wp\/v2\/posts\/371759","targetHints":{"allow":["GET"]}}],"collection":[{"href":"https:\/\/www.europesays.com\/fr\/wp-json\/wp\/v2\/posts"}],"about":[{"href":"https:\/\/www.europesays.com\/fr\/wp-json\/wp\/v2\/types\/post"}],"author":[{"embeddable":true,"href":"https:\/\/www.europesays.com\/fr\/wp-json\/wp\/v2\/users\/2"}],"replies":[{"embeddable":true,"href":"https:\/\/www.europesays.com\/fr\/wp-json\/wp\/v2\/comments?post=371759"}],"version-history":[{"count":0,"href":"https:\/\/www.europesays.com\/fr\/wp-json\/wp\/v2\/posts\/371759\/revisions"}],"wp:featuredmedia":[{"embeddable":true,"href":"https:\/\/www.europesays.com\/fr\/wp-json\/wp\/v2\/media\/371760"}],"wp:attachment":[{"href":"https:\/\/www.europesays.com\/fr\/wp-json\/wp\/v2\/media?parent=371759"}],"wp:term":[{"taxonomy":"category","embeddable":true,"href":"https:\/\/www.europesays.com\/fr\/wp-json\/wp\/v2\/categories?post=371759"},{"taxonomy":"post_tag","embeddable":true,"href":"https:\/\/www.europesays.com\/fr\/wp-json\/wp\/v2\/tags?post=371759"}],"curies":[{"name":"wp","href":"https:\/\/api.w.org\/{rel}","templated":true}]}}