{"id":371761,"date":"2025-09-06T23:57:11","date_gmt":"2025-09-06T23:57:11","guid":{"rendered":"https:\/\/www.europesays.com\/fr\/371761\/"},"modified":"2025-09-06T23:57:11","modified_gmt":"2025-09-06T23:57:11","slug":"parisfans-psg-toute-lactualite-du-paris-saint-germain-4","status":"publish","type":"post","link":"https:\/\/www.europesays.com\/fr\/371761\/","title":{"rendered":"ParisFans : PSG &#8211; Toute l&rsquo;actualit\u00e9 du Paris Saint-Germain"},"content":{"rendered":"<p>\t\t\t\t\t\t\t\t\t\t\t\t\t\t\t\t\t\t\t\t\t\t\t\t\t<a href=\"https:\/\/www.parisfans.fr\/autour-du-psg\" rel=\"nofollow noopener\" target=\"_blank\">Autour du PSG<\/a>\/ Il y a 3 heures<\/p>\n<p>Le Paris Saint-Germain a adress\u00e9, le 4 septembre, un courrier \u00e0 la F\u00e9d\u00e9ration fran\u00e7aise de football, r\u00e9v\u00e9l\u00e9 par L\u2019\u00c9quipe. Sign\u00e9 par Gr\u00e9gory Durand, secr\u00e9taire g\u00e9n\u00e9ral du club, il exprime l\u2019inqui\u00e9tude&#8230;<\/p>\n","protected":false},"excerpt":{"rendered":"Autour du PSG\/ Il y a 3 heures Le Paris Saint-Germain a adress\u00e9, le 4 septembre, un courrier&hellip;\n","protected":false},"author":2,"featured_media":55746,"comment_status":"","ping_status":"","sticky":false,"template":"","format":"standard","meta":{"footnotes":""},"categories":[2820],"tags":[1111,11,1777,674,1011,27,775,12,25,640],"class_list":{"0":"post-371761","1":"post","2":"type-post","3":"status-publish","4":"format-standard","5":"has-post-thumbnail","7":"category-strasbourg","8":"tag-actu","9":"tag-actualites","10":"tag-eu","11":"tag-europe","12":"tag-fr","13":"tag-france","14":"tag-grand-est","15":"tag-news","16":"tag-republique-francaise","17":"tag-strasbourg"},"share_on_mastodon":{"url":"https:\/\/pubeurope.com\/@fr\/115160065230498486","error":""},"_links":{"self":[{"href":"https:\/\/www.europesays.com\/fr\/wp-json\/wp\/v2\/posts\/371761","targetHints":{"allow":["GET"]}}],"collection":[{"href":"https:\/\/www.europesays.com\/fr\/wp-json\/wp\/v2\/posts"}],"about":[{"href":"https:\/\/www.europesays.com\/fr\/wp-json\/wp\/v2\/types\/post"}],"author":[{"embeddable":true,"href":"https:\/\/www.europesays.com\/fr\/wp-json\/wp\/v2\/users\/2"}],"replies":[{"embeddable":true,"href":"https:\/\/www.europesays.com\/fr\/wp-json\/wp\/v2\/comments?post=371761"}],"version-history":[{"count":0,"href":"https:\/\/www.europesays.com\/fr\/wp-json\/wp\/v2\/posts\/371761\/revisions"}],"wp:featuredmedia":[{"embeddable":true,"href":"https:\/\/www.europesays.com\/fr\/wp-json\/wp\/v2\/media\/55746"}],"wp:attachment":[{"href":"https:\/\/www.europesays.com\/fr\/wp-json\/wp\/v2\/media?parent=371761"}],"wp:term":[{"taxonomy":"category","embeddable":true,"href":"https:\/\/www.europesays.com\/fr\/wp-json\/wp\/v2\/categories?post=371761"},{"taxonomy":"post_tag","embeddable":true,"href":"https:\/\/www.europesays.com\/fr\/wp-json\/wp\/v2\/tags?post=371761"}],"curies":[{"name":"wp","href":"https:\/\/api.w.org\/{rel}","templated":true}]}}