{"id":371762,"date":"2025-09-06T23:58:10","date_gmt":"2025-09-06T23:58:10","guid":{"rendered":"https:\/\/www.europesays.com\/fr\/371762\/"},"modified":"2025-09-06T23:58:10","modified_gmt":"2025-09-06T23:58:10","slug":"previsions-du-dimanche-7-septembre-2025-3","status":"publish","type":"post","link":"https:\/\/www.europesays.com\/fr\/371762\/","title":{"rendered":"pr\u00e9visions du dimanche 7 septembre 2025"},"content":{"rendered":"<p>Le soleil sera au rendez-vous \u00e0 Nice : une belle journ\u00e9e se profile ! Le thermom\u00e8tre affichera 23\u00b0C en moyenne. Une modeste brise de sud-est sera ressentie par les habitants. Les temp\u00e9ratures iront de 20 \u00e0 25\u00b0C sur l&rsquo;ensemble de la matin\u00e9e. Les valeurs s&rsquo;\u00e9chelonneront entre 23\u00b0C et 25\u00b0C dans l&rsquo;apr\u00e8s-midi. La ville aura quelques \u00e9claircies le soir. Il va faire 22\u00b0C en moyenne. Entre dimanche et lundi, la nuit sera claire.<\/p>\n<p>Demain, les temp\u00e9ratures afficheront entre 21 et 25\u00b0C \u00e0 Nice. Un vent de sud-est rafra\u00eechira un peu l&rsquo;atmosph\u00e8re. Petits et grands pourront passer leur matin\u00e9e sous un ciel l\u00e9g\u00e8rement nuageux. On anticipe des valeurs d&rsquo;environ 23\u00b0C. L&rsquo;apr\u00e8s-midi qui s&rsquo;annonce, promet d&rsquo;\u00eatre superbe et ensoleill\u00e9 ! Les temp\u00e9ratures seront de 22\u00b0C au plus bas et de 25\u00b0C au maximum. Apr\u00e8s un court passage nuageux, le temps devrait s&rsquo;am\u00e9liorer pendant la soir\u00e9e.<\/p>\n<p>La m\u00e9t\u00e9o des journ\u00e9es suivantes va changer peu \u00e0 peu. M\u00eame si le beau temps persistera quelque peu mardi, il faut s&rsquo;attendre \u00e0 une d\u00e9gradation ensuite.<\/p>\n<p><\/p>\n","protected":false},"excerpt":{"rendered":"Le soleil sera au rendez-vous \u00e0 Nice : une belle journ\u00e9e se profile ! Le thermom\u00e8tre affichera 23\u00b0C&hellip;\n","protected":false},"author":2,"featured_media":371763,"comment_status":"","ping_status":"","sticky":false,"template":"","format":"standard","meta":{"footnotes":""},"categories":[2819],"tags":[1111,11,2898,1777,674,1011,27,12,2401,883,2119,882,25],"class_list":{"0":"post-371762","1":"post","2":"type-post","3":"status-publish","4":"format-standard","5":"has-post-thumbnail","7":"category-nice","8":"tag-actu","9":"tag-actualites","10":"tag-alpes-maritimes","11":"tag-eu","12":"tag-europe","13":"tag-fr","14":"tag-france","15":"tag-news","16":"tag-nice","17":"tag-paca","18":"tag-previsions-meteo","19":"tag-provence-alpes-cote-dazur","20":"tag-republique-francaise"},"share_on_mastodon":{"url":"https:\/\/pubeurope.com\/@fr\/115160069262117268","error":""},"_links":{"self":[{"href":"https:\/\/www.europesays.com\/fr\/wp-json\/wp\/v2\/posts\/371762","targetHints":{"allow":["GET"]}}],"collection":[{"href":"https:\/\/www.europesays.com\/fr\/wp-json\/wp\/v2\/posts"}],"about":[{"href":"https:\/\/www.europesays.com\/fr\/wp-json\/wp\/v2\/types\/post"}],"author":[{"embeddable":true,"href":"https:\/\/www.europesays.com\/fr\/wp-json\/wp\/v2\/users\/2"}],"replies":[{"embeddable":true,"href":"https:\/\/www.europesays.com\/fr\/wp-json\/wp\/v2\/comments?post=371762"}],"version-history":[{"count":0,"href":"https:\/\/www.europesays.com\/fr\/wp-json\/wp\/v2\/posts\/371762\/revisions"}],"wp:featuredmedia":[{"embeddable":true,"href":"https:\/\/www.europesays.com\/fr\/wp-json\/wp\/v2\/media\/371763"}],"wp:attachment":[{"href":"https:\/\/www.europesays.com\/fr\/wp-json\/wp\/v2\/media?parent=371762"}],"wp:term":[{"taxonomy":"category","embeddable":true,"href":"https:\/\/www.europesays.com\/fr\/wp-json\/wp\/v2\/categories?post=371762"},{"taxonomy":"post_tag","embeddable":true,"href":"https:\/\/www.europesays.com\/fr\/wp-json\/wp\/v2\/tags?post=371762"}],"curies":[{"name":"wp","href":"https:\/\/api.w.org\/{rel}","templated":true}]}}