{"id":371764,"date":"2025-09-06T23:59:16","date_gmt":"2025-09-06T23:59:16","guid":{"rendered":"https:\/\/www.europesays.com\/fr\/371764\/"},"modified":"2025-09-06T23:59:16","modified_gmt":"2025-09-06T23:59:16","slug":"tentative-dintrusion-dans-une-synagogue-a-nice-aucune-poursuite-a-ce-stade-selon-la-justice","status":"publish","type":"post","link":"https:\/\/www.europesays.com\/fr\/371764\/","title":{"rendered":"Tentative d\u2019intrusion dans une synagogue \u00e0 Nice\u00a0: aucune poursuite \u00ab\u00a0\u00e0 ce stade\u00a0\u00bb, selon la justice"},"content":{"rendered":"<p class=\"paragraph text_align_left lp-f-body-02\">Les trois militants pro-palestiniens qui avaient tent\u00e9 jeudi \u00e0 Nice, selon les premiers \u00e9l\u00e9ments de l\u2019enqu\u00eate, <a href=\"https:\/\/www.leparisien.fr\/faits-divers\/nice-des-militants-pro-palestiniens-sintroduisent-dans-une-synagogue-trois-personnes-interpellees-04-09-2025-XYU2BX223FFQTKQ2KEHHOBBSGM.php\" target=\"_self\" rel=\"nofollow noopener\">de p\u00e9n\u00e9trer dans une synagogue en prof\u00e9rant des injures \u00e0 caract\u00e8re antis\u00e9mite<\/a> et en commettant des violences ont \u00e9t\u00e9 rel\u00e2ch\u00e9s, aucune poursuite n\u2019\u00e9tant retenue \u00e0 leur encontre \u00ab\u00a0\u00e0 ce stade\u00a0\u00bb, a indiqu\u00e9 samedi le parquet de Nice.<\/p>\n<p class=\"paragraph text_align_left lp-f-body-02\">\u00ab\u00a0Au regard de la n\u00e9cessit\u00e9 de proc\u00e9der \u00e0 d\u2019autres investigations, notamment des auditions, tant sur les faits de violences d\u00e9nonc\u00e9es que sur les injures et provocations \u00e0 caract\u00e8re antis\u00e9mite susceptibles d\u2019avoir \u00e9t\u00e9 commises, l\u2019enqu\u00eate va se poursuivre dans un cadre pr\u00e9liminaire\u00a0\u00bb, pr\u00e9cise Damien Martinelli, procureur de la R\u00e9publique, en soulignant que l\u2019examen des images de vid\u00e9osurveillance n\u2019a pas permis de caract\u00e9riser une quelconque tentative d\u2019intrusion.<\/p>\n<p class=\"paragraph text_align_left lp-f-body-02\">Ces m\u00eames images montrent, selon le magistrat, des \u00ab\u00a0\u00e9changes virulents\u00a0\u00bb avec les personnes pr\u00e9sentes pr\u00e8s de la synagogue, mais \u00ab\u00a0sans actes de violences caract\u00e9ris\u00e9es\u00a0\u00bb. Lors de l\u2019audition, les personnes mises en cause ont ni\u00e9 \u00ab\u00a0avoir commis des violences et avoir tenu des propos antis\u00e9mites\u00a0\u00bb, ajoute-t-il, deux d\u2019entre elles indiquant \u00ab\u00a0avoir \u00e9t\u00e9 insult\u00e9es et avoir re\u00e7u des crachats\u00a0\u00bb.<\/p>\n<p>\u00ab\u00a0Une strat\u00e9gie de tension\u00a0\u00bb<\/p>\n<p class=\"paragraph text_align_left lp-f-body-02\">L\u2019enqu\u00eate pr\u00e9liminaire va \u00ab\u00a0tenter d\u2019identifier les organisateurs de ce rassemblement susceptible de constituer une manifestation illicite qui para\u00eet assez clairement s\u2019inscrire au regard de certains \u00e9l\u00e9ments r\u00e9unis dans une strat\u00e9gie de tension\u00a0\u00bb, pr\u00e9cise M. Martinelli.<\/p>\n<p class=\"lp-card-podcast-highlighting__title  lp-f-subtitle-05\">[1\/6] Jubillar\u00a0: de la disparition au proc\u00e8s, une affaire sans corps ni aveux<\/p>\n<p class=\"lp-card-podcast-highlighting__description lp-f-ui-05\">Crime story raconte chaque semaine les grandes affaires criminelles.<\/p>\n<p><a class=\"lp-card-podcast-highlighting__call-to-action\" data-page-type=\"HP\" data-block-name=\"podcast-highlight\">\u00c9couter<\/a><\/p>\n<p class=\"paragraph text_align_left lp-f-body-02\">Jeudi, quatre personnes s\u2019\u00e9taient pr\u00e9sent\u00e9es devant l\u2019entr\u00e9e de cette synagogue de la communaut\u00e9 Loubavitch o\u00f9 se tenait une r\u00e9union d\u2019informations sur l\u2019alyah, l\u2019immigration des juifs en Isra\u00ebl, les membres de ce groupe \u00e9tant \u00ab\u00a0porteurs de deux drapeaux et d\u2019une pancarte sur laquelle \u00e9tait mentionn\u00e9 pas l\u2019aliah (sic) sur les terres palestiniennes stop g\u00e9nocide\u00a0\u00bb, note le magistrat.<\/p>\n<p class=\"paragraph text_align_left lp-f-body-02\">Sans lien avec ces faits, un homme de nationalit\u00e9 suisse, qui avait \u00e9t\u00e9 interpell\u00e9 vendredi apr\u00e8s avoir insult\u00e9 un rabbin \u00e0 proximit\u00e9 de la promenade des Anglais, a \u00e9t\u00e9 convoqu\u00e9 devant le tribunal correctionnel, le 5\u00a0mars 2026, pour r\u00e9pondre de faits d\u2019injures publiques \u00e0 raison de la religion, indique par ailleurs le parquet.<\/p>\n<p class=\"paragraph text_align_left lp-f-body-02\">Le mis en cause n\u2019a pas contest\u00e9 en garde \u00e0 vue les insultes mais a ni\u00e9 la dimension antis\u00e9mite de son comportement, indiquant qu\u2019il pensait avoir reconnu une personne avec qui il avait d\u00e9j\u00e0 eu une altercation.<\/p>\n","protected":false},"excerpt":{"rendered":"Les trois militants pro-palestiniens qui avaient tent\u00e9 jeudi \u00e0 Nice, selon les premiers \u00e9l\u00e9ments de l\u2019enqu\u00eate, de p\u00e9n\u00e9trer&hellip;\n","protected":false},"author":2,"featured_media":366820,"comment_status":"","ping_status":"","sticky":false,"template":"","format":"standard","meta":{"footnotes":""},"categories":[2819],"tags":[1111,11,459,1777,674,118,1011,27,12,2401,882,25],"class_list":{"0":"post-371764","1":"post","2":"type-post","3":"status-publish","4":"format-standard","5":"has-post-thumbnail","7":"category-nice","8":"tag-actu","9":"tag-actualites","10":"tag-departements-horsidfo","11":"tag-eu","12":"tag-europe","13":"tag-faits-divers","14":"tag-fr","15":"tag-france","16":"tag-news","17":"tag-nice","18":"tag-provence-alpes-cote-dazur","19":"tag-republique-francaise"},"share_on_mastodon":{"url":"https:\/\/pubeurope.com\/@fr\/115160073149482467","error":""},"_links":{"self":[{"href":"https:\/\/www.europesays.com\/fr\/wp-json\/wp\/v2\/posts\/371764","targetHints":{"allow":["GET"]}}],"collection":[{"href":"https:\/\/www.europesays.com\/fr\/wp-json\/wp\/v2\/posts"}],"about":[{"href":"https:\/\/www.europesays.com\/fr\/wp-json\/wp\/v2\/types\/post"}],"author":[{"embeddable":true,"href":"https:\/\/www.europesays.com\/fr\/wp-json\/wp\/v2\/users\/2"}],"replies":[{"embeddable":true,"href":"https:\/\/www.europesays.com\/fr\/wp-json\/wp\/v2\/comments?post=371764"}],"version-history":[{"count":0,"href":"https:\/\/www.europesays.com\/fr\/wp-json\/wp\/v2\/posts\/371764\/revisions"}],"wp:featuredmedia":[{"embeddable":true,"href":"https:\/\/www.europesays.com\/fr\/wp-json\/wp\/v2\/media\/366820"}],"wp:attachment":[{"href":"https:\/\/www.europesays.com\/fr\/wp-json\/wp\/v2\/media?parent=371764"}],"wp:term":[{"taxonomy":"category","embeddable":true,"href":"https:\/\/www.europesays.com\/fr\/wp-json\/wp\/v2\/categories?post=371764"},{"taxonomy":"post_tag","embeddable":true,"href":"https:\/\/www.europesays.com\/fr\/wp-json\/wp\/v2\/tags?post=371764"}],"curies":[{"name":"wp","href":"https:\/\/api.w.org\/{rel}","templated":true}]}}