{"id":371765,"date":"2025-09-07T00:00:14","date_gmt":"2025-09-07T00:00:14","guid":{"rendered":"https:\/\/www.europesays.com\/fr\/371765\/"},"modified":"2025-09-07T00:00:14","modified_gmt":"2025-09-07T00:00:14","slug":"previsions-du-dimanche-7-septembre-2025-4","status":"publish","type":"post","link":"https:\/\/www.europesays.com\/fr\/371765\/","title":{"rendered":"pr\u00e9visions du dimanche 7 septembre 2025"},"content":{"rendered":"<p>\u00c0 Nantes les valeurs afficheront entre 16 et 26\u00b0C aujourd&rsquo;hui. Un vent de sud-ouest soufflera un peu, avec 19 km\/h. Le temps va doucement s&rsquo;am\u00e9liorer dans la matin\u00e9e et laisser place \u00e0 des \u00e9claircies. C&rsquo;est un soleil \u00e9clatant qui va se montrer l&rsquo;apr\u00e8s-midi. Les temp\u00e9ratures seront comprises entre 21 et 25\u00b0C. Apr\u00e8s un petit passage nuageux, le ciel va s&rsquo;\u00e9claircir au cours de la soir\u00e9e. Une nuit claire vous attendra entre dimanche et lundi.<\/p>\n<p>Une chute des temp\u00e9ratures est attendue \u00e0 Nantes, demain. Les valeurs s&rsquo;\u00e9chelonneront entre 12 et 22\u00b0C. Une petite brise d&rsquo;ouest sera ressentie par les habitants. Le ciel va l\u00e9g\u00e8rement se d\u00e9gager dans la matin\u00e9e avec des \u00e9claircies. Demain apr\u00e8s-midi, on verra l&rsquo;apparition de nuages. Les temp\u00e9ratures afficheront entre 19\u00b0C et 22\u00b0C. La grisaille ne se dissipe toujours pas, il va y avoir encore des nuages demain soir.<\/p>\n<p>Le temps des journ\u00e9es qui suivent va changer progressivement. Les conditions m\u00e9t\u00e9orologiques se maintiendront mardi mais une d\u00e9gradation s&rsquo;ensuivra mercredi.<\/p>\n<p><\/p>\n","protected":false},"excerpt":{"rendered":"\u00c0 Nantes les valeurs afficheront entre 16 et 26\u00b0C aujourd&rsquo;hui. Un vent de sud-ouest soufflera un peu, avec&hellip;\n","protected":false},"author":2,"featured_media":371766,"comment_status":"","ping_status":"","sticky":false,"template":"","format":"standard","meta":{"footnotes":""},"categories":[2818],"tags":[1111,11,1777,674,1011,27,3047,766,12,2636,2119,25],"class_list":{"0":"post-371765","1":"post","2":"type-post","3":"status-publish","4":"format-standard","5":"has-post-thumbnail","7":"category-nantes","8":"tag-actu","9":"tag-actualites","10":"tag-eu","11":"tag-europe","12":"tag-fr","13":"tag-france","14":"tag-loire-atlantique","15":"tag-nantes","16":"tag-news","17":"tag-pays-de-la-loire","18":"tag-previsions-meteo","19":"tag-republique-francaise"},"share_on_mastodon":{"url":"https:\/\/pubeurope.com\/@fr\/115160077133831922","error":""},"_links":{"self":[{"href":"https:\/\/www.europesays.com\/fr\/wp-json\/wp\/v2\/posts\/371765","targetHints":{"allow":["GET"]}}],"collection":[{"href":"https:\/\/www.europesays.com\/fr\/wp-json\/wp\/v2\/posts"}],"about":[{"href":"https:\/\/www.europesays.com\/fr\/wp-json\/wp\/v2\/types\/post"}],"author":[{"embeddable":true,"href":"https:\/\/www.europesays.com\/fr\/wp-json\/wp\/v2\/users\/2"}],"replies":[{"embeddable":true,"href":"https:\/\/www.europesays.com\/fr\/wp-json\/wp\/v2\/comments?post=371765"}],"version-history":[{"count":0,"href":"https:\/\/www.europesays.com\/fr\/wp-json\/wp\/v2\/posts\/371765\/revisions"}],"wp:featuredmedia":[{"embeddable":true,"href":"https:\/\/www.europesays.com\/fr\/wp-json\/wp\/v2\/media\/371766"}],"wp:attachment":[{"href":"https:\/\/www.europesays.com\/fr\/wp-json\/wp\/v2\/media?parent=371765"}],"wp:term":[{"taxonomy":"category","embeddable":true,"href":"https:\/\/www.europesays.com\/fr\/wp-json\/wp\/v2\/categories?post=371765"},{"taxonomy":"post_tag","embeddable":true,"href":"https:\/\/www.europesays.com\/fr\/wp-json\/wp\/v2\/tags?post=371765"}],"curies":[{"name":"wp","href":"https:\/\/api.w.org\/{rel}","templated":true}]}}