{"id":371767,"date":"2025-09-07T00:01:33","date_gmt":"2025-09-07T00:01:33","guid":{"rendered":"https:\/\/www.europesays.com\/fr\/371767\/"},"modified":"2025-09-07T00:01:33","modified_gmt":"2025-09-07T00:01:33","slug":"lasse-ambitieuse-face-au-fc-nantes","status":"publish","type":"post","link":"https:\/\/www.europesays.com\/fr\/371767\/","title":{"rendered":"L&rsquo;ASSE ambitieuse face au FC Nantes !"},"content":{"rendered":"<p data-start=\"721\" data-end=\"942\"><strong data-start=\"721\" data-end=\"942\">C&rsquo;est reparti ! Dans quelques heures, le championnat d&rsquo;Arkema Premi\u00e8re Ligue va faire son retour. Pour cette occasion, l&rsquo;ASSE va faire son premier d\u00e9placement sur la pelouse du FC Nantes. Avant cette affiche comptant pour la premi\u00e8re journ\u00e9e, S\u00e9bastien Joseph affiche <a href=\"https:\/\/peuple-vert.fr\/asse-actualite\/asse-feminines-prepa-montpellier\/\" rel=\"nofollow noopener\" target=\"_blank\">des attentes \u00e9lev\u00e9es.<\/a> Invaincues en pr\u00e9paration, les Vertes devront faire preuve de ma\u00eetrise face \u00e0 un adversaire solide et ambitieux.<\/strong><\/p>\n<p data-start=\"996\" data-end=\"1395\">Cinq matchs de pr\u00e9paration, z\u00e9ro d\u00e9faite : sur le papier, l\u2019ASSE f\u00e9minine <a href=\"https:\/\/www.asse.fr\/fr\/feminines\/saison-2025-2026\/staff-feminines\/joseph-sebastien-j970#gallery-2\" target=\"_blank\" rel=\"noopener nofollow\">a rempli ses objectifs estivaux.<\/a> Mais S\u00e9bastien Joseph reste exigeant : \u00ab\u202fOn doit avoir beaucoup plus de ma\u00eetrise dans le jeu\u202f\u00bb, soulignait-il apr\u00e8s le dernier nul contre Montpellier (1-1). Un match frustrant pour le coach, malgr\u00e9 une \u00e9galisation bien construite par Sofie Hornemann sur un service parfait de Laura Hermann.<\/p>\n<p data-start=\"1397\" data-end=\"1701\">Le bilan est encourageant (3 nuls, 2 victoires), mais les erreurs techniques observ\u00e9es face \u00e0 Montpellier agacent : \u00ab\u202fOn a commis trop d\u2019erreurs techniques sur des ballons simples\u2026 On s\u2019est beaucoup compliqu\u00e9 la vie.\u202f\u00bb L\u2019objectif est clair : hausser le niveau d\u2019exigence pour \u00eatre pr\u00eates face \u00e0 Nantes.<\/p>\n<p>Nantes : un adversaire ambitieux et bien rod\u00e9<\/p>\n<p data-start=\"1759\" data-end=\"1910\">Les Canaries abordent cette rencontre avec un effectif complet, homog\u00e8ne et confiant. Depuis d\u00e9but ao\u00fbt, elles ont encha\u00een\u00e9 les bonnes performances :<\/p>\n<ul data-start=\"1911\" data-end=\"2068\">\n<li data-start=\"1911\" data-end=\"1948\">\n<p data-start=\"1913\" data-end=\"1948\">Victoire 5-0 contre Toulouse,<\/p>\n<\/li>\n<li data-start=\"1949\" data-end=\"1986\">\n<p data-start=\"1951\" data-end=\"1986\">Succ\u00e8s 6-1 face \u00e0 Saint-Malo,<\/p>\n<\/li>\n<li data-start=\"1987\" data-end=\"2023\">\n<p data-start=\"1989\" data-end=\"2023\">Victoire 3-0 contre Le Mans,<\/p>\n<\/li>\n<li data-start=\"1987\" data-end=\"2023\">Victoire 8-4 contre Le Havre (3*45 minutes de jeu)<\/li>\n<li data-start=\"2024\" data-end=\"2068\">\n<p data-start=\"2026\" data-end=\"2068\">Seul accroc : un nul 1-1 contre Dijon.<\/p>\n<\/li>\n<\/ul>\n<p data-start=\"2070\" data-end=\"2516\">Malgr\u00e9 une pr\u00e9paration solide, l&rsquo;entra\u00eeneur nantais Nicolas Chabot n\u2019\u00e9tait pas totalement satisfait \u00e0 l\u2019approche du dernier test face au Havre <a href=\"https:\/\/www.ouest-france.fr\/sport\/football\/fc-nantes\/football-amical-un-dernier-test-grandeur-nature-pour-les-feminines-du-fc-nantes-23c3b4e2-84f1-11f0-ba25-1df8101fcbd4\" target=\"_blank\" rel=\"noopener nofollow\">(le 30 ao\u00fbt dernier)<\/a> : \u00ab \u202fJ\u2019attendais un peu plus de qualit\u00e9&#8230; Certaines joueuses ont compris qu\u2019elles ne d\u00e9buteraient pas contre Le Havre, donc elles n\u2019ont pas donn\u00e9 le maximum. \u202f\u00bb Ce dernier match de pr\u00e9pa disput\u00e9 en trois tiers-temps visait \u00e0 affiner les choix pour samedi : \u00ab\u202f Depuis le d\u00e9but de la pr\u00e9paration, j\u2019ai l\u2019impression qu\u2019il y a peu de diff\u00e9rence entre la titulaire et la rempla\u00e7ante sur chaque poste au niveau de la qualit\u00e9. On sait que \u00e7a peut \u00eatre une force sur le long de la saison. \u202f\u00bb\u00a0Mais, le large succ\u00e8s Nantais \u00e0 sans doute fait plaisir au coach des canaris, m\u00eame si quatre buts ont \u00e9t\u00e9 encaissait.<\/p>\n<p>Un duel ouvert pour lancer la saison<\/p>\n<p data-start=\"2565\" data-end=\"2824\">Le FC Nantes semble pr\u00eat physiquement et collectivement pour lancer ce championnat. C\u00f4t\u00e9 ASSE, si le contenu n\u2019a pas toujours \u00e9t\u00e9 convaincant, la solidit\u00e9 d\u00e9fensive est au rendez-vous. Reste \u00e0 convertir cette stabilit\u00e9 en performance offensive.<\/p>\n<p data-start=\"2826\" data-end=\"3087\">S\u00e9bastien Joseph mise sur l\u2019int\u00e9gration progressive de nouvelles recrues et la mont\u00e9e en puissance du collectif : \u00ab\u202fIl y a une confiance \u00e0 remettre en place&#8230; Dans le jeu, on est encore loin de ce qu\u2019on doit produire mais \u00e7a reste correct pour une reprise.\u202f\u00bb<\/p>\n<p data-start=\"3089\" data-end=\"3332\">Le rendez-vous est fix\u00e9 : samedi 6 septembre \u00e0 17h. Un choc entre deux formations ambitieuses, pr\u00eates \u00e0 se mesurer pour bien lancer leur saison. L\u2019ASSE devra se montrer r\u00e9aliste et disciplin\u00e9e pour r\u00e9pondre aux attentes de son coach\u2026 exigeant.<\/p>\n","protected":false},"excerpt":{"rendered":"C&rsquo;est reparti ! Dans quelques heures, le championnat d&rsquo;Arkema Premi\u00e8re Ligue va faire son retour. Pour cette occasion,&hellip;\n","protected":false},"author":2,"featured_media":371768,"comment_status":"","ping_status":"","sticky":false,"template":"","format":"standard","meta":{"footnotes":""},"categories":[2818],"tags":[1111,11,1777,674,1011,27,766,12,2636,25],"class_list":{"0":"post-371767","1":"post","2":"type-post","3":"status-publish","4":"format-standard","5":"has-post-thumbnail","7":"category-nantes","8":"tag-actu","9":"tag-actualites","10":"tag-eu","11":"tag-europe","12":"tag-fr","13":"tag-france","14":"tag-nantes","15":"tag-news","16":"tag-pays-de-la-loire","17":"tag-republique-francaise"},"share_on_mastodon":{"url":"https:\/\/pubeurope.com\/@fr\/115160081037134382","error":""},"_links":{"self":[{"href":"https:\/\/www.europesays.com\/fr\/wp-json\/wp\/v2\/posts\/371767","targetHints":{"allow":["GET"]}}],"collection":[{"href":"https:\/\/www.europesays.com\/fr\/wp-json\/wp\/v2\/posts"}],"about":[{"href":"https:\/\/www.europesays.com\/fr\/wp-json\/wp\/v2\/types\/post"}],"author":[{"embeddable":true,"href":"https:\/\/www.europesays.com\/fr\/wp-json\/wp\/v2\/users\/2"}],"replies":[{"embeddable":true,"href":"https:\/\/www.europesays.com\/fr\/wp-json\/wp\/v2\/comments?post=371767"}],"version-history":[{"count":0,"href":"https:\/\/www.europesays.com\/fr\/wp-json\/wp\/v2\/posts\/371767\/revisions"}],"wp:featuredmedia":[{"embeddable":true,"href":"https:\/\/www.europesays.com\/fr\/wp-json\/wp\/v2\/media\/371768"}],"wp:attachment":[{"href":"https:\/\/www.europesays.com\/fr\/wp-json\/wp\/v2\/media?parent=371767"}],"wp:term":[{"taxonomy":"category","embeddable":true,"href":"https:\/\/www.europesays.com\/fr\/wp-json\/wp\/v2\/categories?post=371767"},{"taxonomy":"post_tag","embeddable":true,"href":"https:\/\/www.europesays.com\/fr\/wp-json\/wp\/v2\/tags?post=371767"}],"curies":[{"name":"wp","href":"https:\/\/api.w.org\/{rel}","templated":true}]}}