{"id":371769,"date":"2025-09-07T00:02:40","date_gmt":"2025-09-07T00:02:40","guid":{"rendered":"https:\/\/www.europesays.com\/fr\/371769\/"},"modified":"2025-09-07T00:02:40","modified_gmt":"2025-09-07T00:02:40","slug":"municipales-2026-thomas-cazenave-et-alexandra-siarri-scellent-une-premiere-alliance-a-bordeaux","status":"publish","type":"post","link":"https:\/\/www.europesays.com\/fr\/371769\/","title":{"rendered":"Municipales 2026 : Thomas Cazenave et Alexandra Siarri scellent une premi\u00e8re alliance \u00e0 Bordeaux"},"content":{"rendered":"<p class=\"wp-block-post-excerpt__excerpt\">Candidats d\u00e9clar\u00e9s \u00e0 la succession de Pierre Hurmic, Thomas Cazenave et Alexandra Siarri ont annonc\u00e9 qu\u2019ils feront liste commune pour battre la majorit\u00e9 sortante. Le d\u00e9put\u00e9 macroniste et l\u2019ex bras droit d\u2019Alain Jupp\u00e9 pr\u00e9sentent leur alliance comme \u00ab\u00a0au-del\u00e0 des partis\u00a0\u00bb. <\/p>\n<p class=\"font-sans\">\n\t\t\tCet article est en acc\u00e8s libre. Pour soutenir Rue89Bordeaux,<br \/>\n\t\t\t<a class=\"underline\" href=\"https:\/\/rue89bordeaux.com\/abonnement\/\" target=\"_blank\" rel=\"noopener\">abonnez-vous<\/a>.\n\t\t<\/p>\n<p>Walid Salem<\/p>\n<p>Publi\u00e9 le 4 septembre 2025\u00a0\u00a0\u00b7\u00a0\u00a0<\/p>\n<p>Imprim\u00e9 le 7 septembre 2025 \u00e0 01h21\u00a0\u00a0\u00b7\u00a0\u00a0<\/p>\n<p>\t\t\t\t\t3\u00a0minutes\n<\/p>\n<p>La campagne des municipales de 2026 conna\u00eet un premier (micro) coup de th\u00e9\u00e2tre. \u00c0 six mois des \u00e9lections, Thomas Cazenave, d\u00e9put\u00e9 Renaissance, candidat \u00e0 la mairie de Bordeaux en 2020 et conseiller municipal d\u2019opposition, et l\u2019ancienne adjointe au maire (d\u2019Alain Jupp\u00e9 puis de Nicolas Florian) Alexandra Siarri ont annonc\u00e9 unir leurs forces pour pr\u00e9senter une liste commune aux Bordelais en mars 2026.<\/p>\n<p>\u00ab\u00a0La victoire passera par le rassemblement et la construction d\u2019une alternative cr\u00e9dible au mandat actuel\u00a0\u00bb, affirment-ils dans un communiqu\u00e9 commun ce 3 septembre. Apr\u00e8s plusieurs mois de discussions, les deux responsables entendent donner corps \u00e0 cette union en pla\u00e7ant Thomas Cazenave en t\u00eate de liste et Alexandra Siarri en charge de la coordination du projet.<\/p>\n<p>\t\tUnion au-del\u00e0 des partis<\/p>\n<p>Thomas Cazenave se dit fid\u00e8le \u00e0 sa ligne depuis 2020 :<\/p>\n<blockquote class=\"wp-block-quote is-layout-flow wp-block-quote-is-layout-flow\">\n<p>\u00ab\u00a0J\u2019ai toujours tendu la main, cherch\u00e9 les \u00e9quilibres au-del\u00e0 des partis. Mon parti, c\u2019est Bordeaux ! Avec Alexandra Siarri nous partageons la m\u00eame fa\u00e7on de faire de la politique, le go\u00fbt de l\u2019action de terrain et la volont\u00e9 de gouverner autrement la ville.\u00a0\u00bb<\/p>\n<\/blockquote>\n<p>Alexandra Siarri revendique elle aussi un engagement tourn\u00e9 vers la proximit\u00e9 :<\/p>\n<blockquote class=\"wp-block-quote is-layout-flow wp-block-quote-is-layout-flow\">\n<p>\u00ab\u00a0Apr\u00e8s plusieurs mois \u00e0 la rencontre des Bordelaises et des Bordelais, j\u2019ai bien compris cette attente d\u2019une union courageuse et volontariste. Cette d\u00e9cision a \u00e9t\u00e9 r\u00e9fl\u00e9chie et construite, en dehors des consid\u00e9rations partisanes.\u00a0\u00bb<\/p>\n<\/blockquote>\n<p>\t\t\u00ab\u00a0Bonne nouvelle\u00a0\u00bb pour Nathalie Delattre<\/p>\n<p>L\u2019\u00e9lue d\u2019opposition non encart\u00e9e, qui se pr\u00e9sentait dans ses posts de campagne comme \u00ab\u00a0l\u2019homme de la situation\u00a0\u00bb, a reconnu plus prosa\u00efquement dans Sud Ouest ne <a href=\"https:\/\/www.sudouest.fr\/elections\/municipales\/gironde\/bordeaux\/municipales-a-bordeaux-cazenave-et-siarri-s-allient-contre-un-projet-localiste-et-decroissant-ce-n-est-pas-un-accord-d-appareil-25776608.php\" target=\"_blank\" rel=\"noopener\">\u00ab\u00a0pas pouvoir gagner seule\u00a0\u00bb<\/a>. L\u2019ex ministre du budget Thomas Cazenave peut au contraire compter sur la force de frappe du parti macroniste, d\u00e9termin\u00e9 \u00e0 gagner enfin une grande ville lors des prochaines municipales.<\/p>\n<p>Les deux responsables assurent vouloir rassembler \u00ab\u00a0toutes celles et tous ceux qui partagent notre ambition pour Bordeaux\u00a0\u00bb, invitant les autres candidats d\u00e9clar\u00e9s \u00e0 se joindre \u00e0 cette dynamique. Ce jeudi, interrog\u00e9e par Rue89 Bordeaux, Nathalie Delattre a salu\u00e9 une \u00ab\u00a0bonne nouvelle\u00a0\u00bb, indiquant que les discussions se poursuivaient entre les candidats d\u00e9clar\u00e9s pour parvenir \u00e0 un accord.<\/p>\n<blockquote class=\"wp-block-quote is-layout-flow wp-block-quote-is-layout-flow\">\n<p>\u00ab\u00a0Nous sommes d\u2019accord sur l\u2019essentiel, que la gestion actuelle de la ville ne convient pas. Chacun chemine. Au del\u00e0 des situations personnelles, il faut que nous puissions mettre en commun nos id\u00e9es, notre programme\u2026\u00a0\u00bb<\/p>\n<\/blockquote>\n<p>T\u00eate de liste ?<\/p>\n<p>La question la plus ardue reste celle de la t\u00eate de liste, qui selon la ministre du tourisme ne peut pas se r\u00e9gler \u00ab\u00a0par sondage, car on sera toujours dans la marge d\u2019erreur\u00a0\u00bb. Nathalie Delattre fait allusion \u00e0 <a href=\"https:\/\/france3-regions.franceinfo.fr\/nouvelle-aquitaine\/gironde\/bordeaux\/un-sondage-place-pierre-hurmic-et-thomas-cazenave-en-tete-au-premier-tour-des-municipales-a-bordeaux-3140669.html\" target=\"_blank\" rel=\"noreferrer noopener\">l\u2019enqu\u00eate d\u2019opinion command\u00e9e Renaissance en avril 2025<\/a>. Celui-ci donnait Thomas Cazenave \u00e0 quelques points de Pierre Hurmic au premier tour \u2013 sans toutefois avoir test\u00e9 Nathalie Delattre, ni communiqu\u00e9 les projections du second tour.<\/p>\n<p>C\u00f4t\u00e9 calendrier, l\u2019ancienne adjointe d\u2019Alain Jupp\u00e9 table sur une issue des discussions mi octobre, apr\u00e8s que les grandes lignes du programme Siarri-Cazenave soient pr\u00e9sent\u00e9es fin septembre. Les axes majeurs du bin\u00f4me sont cependant d\u00e9j\u00e0 trac\u00e9s : s\u00e9curit\u00e9 et propret\u00e9, deux th\u00e8mes r\u00e9currents dans les critiques adress\u00e9es \u00e0 la municipalit\u00e9 \u00e9cologiste sortante. A Sud Ouest, ils avancent des premi\u00e8res propositions en ce sens, comme le doublement des effectifs de la police municipale ou la remunicipalisation de la comp\u00e9tence propret\u00e9.<\/p>\n<p>Rue89 Bordeaux a besoin de vos dons<\/p>\n<p>Mille mercis \u00e0 nos 131 donateurs ! Gr\u00e2ce \u00e0 vous, nous avons atteint notre objectif initial de 10\u202f000\u202f\u20ac. Ce soutien va nous permettre de renflouer notre tr\u00e9sorerie, apr\u00e8s le d\u00e9sengagement en 2025 d\u2019un annonceur important \u2013 Bordeaux M\u00e9tropole \u2013 et de r\u00e9gler nos factures en attente.<br \/>Cependant, la cagnotte reste ouverte jusqu\u2019\u00e0 fin septembre afin de vous laisser l\u2019occasion de continuer \u00e0 soutenir votre m\u00e9dia ind\u00e9pendant. Chaque don est d\u00e9ductible des imp\u00f4ts \u00e0 hauteur de 66\u202f%. En recevoir davantage nous permettra de consolider nos finances, d\u2019envisager une rentr\u00e9e sereine, et surtout, d\u2019enrichir nos contenus et de renforcer notre r\u00e9daction.<\/p>\n","protected":false},"excerpt":{"rendered":"Candidats d\u00e9clar\u00e9s \u00e0 la succession de Pierre Hurmic, Thomas Cazenave et Alexandra Siarri ont annonc\u00e9 qu\u2019ils feront liste&hellip;\n","protected":false},"author":2,"featured_media":371770,"comment_status":"","ping_status":"","sticky":false,"template":"","format":"standard","meta":{"footnotes":""},"categories":[2817],"tags":[1111,11,50177,1997,1777,674,1011,27,3434,12,2219,25,11736],"class_list":{"0":"post-371769","1":"post","2":"type-post","3":"status-publish","4":"format-standard","5":"has-post-thumbnail","7":"category-bordeaux","8":"tag-actu","9":"tag-actualites","10":"tag-alexandra-siarri","11":"tag-bordeaux","12":"tag-eu","13":"tag-europe","14":"tag-fr","15":"tag-france","16":"tag-municipales-2026","17":"tag-news","18":"tag-nouvelle-aquitaine","19":"tag-republique-francaise","20":"tag-thomas-cazenave"},"share_on_mastodon":{"url":"https:\/\/pubeurope.com\/@fr\/115160084846209829","error":""},"_links":{"self":[{"href":"https:\/\/www.europesays.com\/fr\/wp-json\/wp\/v2\/posts\/371769","targetHints":{"allow":["GET"]}}],"collection":[{"href":"https:\/\/www.europesays.com\/fr\/wp-json\/wp\/v2\/posts"}],"about":[{"href":"https:\/\/www.europesays.com\/fr\/wp-json\/wp\/v2\/types\/post"}],"author":[{"embeddable":true,"href":"https:\/\/www.europesays.com\/fr\/wp-json\/wp\/v2\/users\/2"}],"replies":[{"embeddable":true,"href":"https:\/\/www.europesays.com\/fr\/wp-json\/wp\/v2\/comments?post=371769"}],"version-history":[{"count":0,"href":"https:\/\/www.europesays.com\/fr\/wp-json\/wp\/v2\/posts\/371769\/revisions"}],"wp:featuredmedia":[{"embeddable":true,"href":"https:\/\/www.europesays.com\/fr\/wp-json\/wp\/v2\/media\/371770"}],"wp:attachment":[{"href":"https:\/\/www.europesays.com\/fr\/wp-json\/wp\/v2\/media?parent=371769"}],"wp:term":[{"taxonomy":"category","embeddable":true,"href":"https:\/\/www.europesays.com\/fr\/wp-json\/wp\/v2\/categories?post=371769"},{"taxonomy":"post_tag","embeddable":true,"href":"https:\/\/www.europesays.com\/fr\/wp-json\/wp\/v2\/tags?post=371769"}],"curies":[{"name":"wp","href":"https:\/\/api.w.org\/{rel}","templated":true}]}}