{"id":371771,"date":"2025-09-07T00:03:13","date_gmt":"2025-09-07T00:03:13","guid":{"rendered":"https:\/\/www.europesays.com\/fr\/371771\/"},"modified":"2025-09-07T00:03:13","modified_gmt":"2025-09-07T00:03:13","slug":"union-bordeaux-begles-stade-rochelais-matthieu-jalibert-a-pris-ses-responsabilites","status":"publish","type":"post","link":"https:\/\/www.europesays.com\/fr\/371771\/","title":{"rendered":"Union Bordeaux-B\u00e8gles &#8211; Stade Rochelais : Matthieu Jalibert a pris ses responsabilit\u00e9s"},"content":{"rendered":"<p>Pour un match de reprise, Matthieu Jalibert a \u00e9t\u00e9 au rendez-vous et peut avoir le sentiment du devoir accompli. En l\u2019absence du capitaine Maxime Lucu, r\u00e9put\u00e9 pour son sang-froid et sa capacit\u00e9 \u00e0 tenir la barre dans les matchs aussi serr\u00e9s qu\u2019agit\u00e9s comme celui de ce samedi face \u00e0 La\u00a0Rochelle, l\u2019Union Bordeaux-B\u00e8gles a pu compter sur son demi d\u2019ouverture pour tenir le bras de fer et finir par faire plier l\u2019adversaire en seconde p\u00e9riode (23-18).<\/p>\n<p>\u00ab\u00a0On sait l\u2019importance qu\u2019a Max dans notre \u00e9quipe, d\u00e9clarait Matthieu Jalibert vendredi. C\u2019est un joueur qui ne se blesse pas souvent mais il fallait que \u00e7a arrive aussi un jour. Donc, \u00e7a va \u00eatre \u00e0 nous aussi de nous adapter et de trouver des solutions. C\u2019est un beau challenge.\u00a0\u00bb<\/p>\n<p>Sous le regard du demi de m\u00eal\u00e9e, qui avait pris place en tribunes aupr\u00e8s du staff girondin, Matthieu Jalibert est tr\u00e8s attendu sur ce d\u00e9but de saison o\u00f9 l\u2019UBB se voit priv\u00e9e de plusieurs \u00e9l\u00e9ments cl\u00e9s sur ses lignes arri\u00e8re. L\u2019international fran\u00e7ais jouait l\u00e0 son premier match depuis son op\u00e9ration du tendon rotulien d\u00e9but juillet\u2026 Et il avait des fourmis dans les jambes. M\u00eame un peu trop en d\u00e9but de match lorsqu\u2019il relan\u00e7ait un ballon de ses 22\u00a0m\u00e8tres avant de le rendre aux Rochelais.<\/p>\n<p>100\u00a0% face aux perches<\/p>\n<p>Dans un match tr\u00e8s tendu, le num\u00e9ro\u00a010 bordelais a fini par miser sur la sobri\u00e9t\u00e9, aidant son \u00e9quipe \u00e0 se d\u00e9gager de son camp, apr\u00e8s avoir eu tant de mal \u00e0 le faire lors des premi\u00e8res minutes. Il s\u2019arrachait sur le coup de pied de Gazzotti pour mettre la pression sur Botia devant sa ligne (39e), avant que l\u2019essai de Page-Relo ne soit refus\u00e9 \u00e0 la vid\u00e9o pour un en-avant de Depoortere. Mais juste apr\u00e8s la pause, il sentait bien le coup en tapant un jeu au pied rasant dans le dos de la d\u00e9fense rochelaise sur l\u2019essai de Bielle-Biarrey (46e).<\/p>\n<p>Si son coup de pied depuis ses 22\u00a0m\u00e8tres \u00e9tait contr\u00e9 par Le Garrec, \u00ab\u00a0LBB\u00a0\u00bb \u00e9tait l\u00e0 pour sauver la mise (47e). Mais Jalibert gardait son sang-froid et continuait \u00e0 prendre ses responsabilit\u00e9s. Comme depuis le d\u00e9but du match face aux perches (100\u00a0% de r\u00e9ussite), il ne tremblait pas au moment de passer une p\u00e9nalit\u00e9 de pr\u00e8s de 50\u00a0m\u00e8tres, ce qui permettait \u00e0 l\u2019UBB de creuser l\u2019\u00e9cart (16-8, 53e), avant de finir par prendre le large et de sortir \u00e0 la 75e minute sous l\u2019ovation du stade Chaban-Delmas.<\/p>\n<p>\u00ab\u00a0On a eu la chance l\u2019ann\u00e9e derni\u00e8re de tutoyer les sommets avec cette Coupe d\u2019Europe, soulignait-il vendredi. On a envie de faire partie de ces \u00e9quipes qui jouent r\u00e9guli\u00e8rement le haut de tableau et qui peuvent aller chercher des titres. La saison id\u00e9ale, c\u2019est le doubl\u00e9. On n\u2019a pas \u00e9t\u00e9 capable de le faire. \u00c7a nous a donn\u00e9 encore plus faim et on repart sur cette saison avec beaucoup d\u2019ambition et l\u2019envie d\u2019y revenir.\u00a0\u00bb L\u2019UBB a bien d\u00e9marr\u00e9 le nouvel exercice, son ma\u00eetre \u00e0 jouer \u00e9galement.<\/p>\n<p>    Les notes<br \/>\n<strong>7\/10<\/strong> Jalibert, Woki, Cazeaux<br \/><strong>6\/10<\/strong> Gazzotti, Palu, Matiu, Lamothe, Page-Relo, Bielle-Biarrey<br \/><strong>5\/10 <\/strong>Poirot, Falatea, Mousqu\u00e8s, Depoortere, Van Rensburg, Penaud<\/p>\n","protected":false},"excerpt":{"rendered":"Pour un match de reprise, Matthieu Jalibert a \u00e9t\u00e9 au rendez-vous et peut avoir le sentiment du devoir&hellip;\n","protected":false},"author":2,"featured_media":371772,"comment_status":"","ping_status":"","sticky":false,"template":"","format":"standard","meta":{"footnotes":""},"categories":[2817],"tags":[1111,11,1997,1777,674,1011,27,12,2219,25],"class_list":{"0":"post-371771","1":"post","2":"type-post","3":"status-publish","4":"format-standard","5":"has-post-thumbnail","7":"category-bordeaux","8":"tag-actu","9":"tag-actualites","10":"tag-bordeaux","11":"tag-eu","12":"tag-europe","13":"tag-fr","14":"tag-france","15":"tag-news","16":"tag-nouvelle-aquitaine","17":"tag-republique-francaise"},"share_on_mastodon":{"url":"https:\/\/pubeurope.com\/@fr\/115160088893774974","error":""},"_links":{"self":[{"href":"https:\/\/www.europesays.com\/fr\/wp-json\/wp\/v2\/posts\/371771","targetHints":{"allow":["GET"]}}],"collection":[{"href":"https:\/\/www.europesays.com\/fr\/wp-json\/wp\/v2\/posts"}],"about":[{"href":"https:\/\/www.europesays.com\/fr\/wp-json\/wp\/v2\/types\/post"}],"author":[{"embeddable":true,"href":"https:\/\/www.europesays.com\/fr\/wp-json\/wp\/v2\/users\/2"}],"replies":[{"embeddable":true,"href":"https:\/\/www.europesays.com\/fr\/wp-json\/wp\/v2\/comments?post=371771"}],"version-history":[{"count":0,"href":"https:\/\/www.europesays.com\/fr\/wp-json\/wp\/v2\/posts\/371771\/revisions"}],"wp:featuredmedia":[{"embeddable":true,"href":"https:\/\/www.europesays.com\/fr\/wp-json\/wp\/v2\/media\/371772"}],"wp:attachment":[{"href":"https:\/\/www.europesays.com\/fr\/wp-json\/wp\/v2\/media?parent=371771"}],"wp:term":[{"taxonomy":"category","embeddable":true,"href":"https:\/\/www.europesays.com\/fr\/wp-json\/wp\/v2\/categories?post=371771"},{"taxonomy":"post_tag","embeddable":true,"href":"https:\/\/www.europesays.com\/fr\/wp-json\/wp\/v2\/tags?post=371771"}],"curies":[{"name":"wp","href":"https:\/\/api.w.org\/{rel}","templated":true}]}}