{"id":371775,"date":"2025-09-07T00:05:11","date_gmt":"2025-09-07T00:05:11","guid":{"rendered":"https:\/\/www.europesays.com\/fr\/371775\/"},"modified":"2025-09-07T00:05:11","modified_gmt":"2025-09-07T00:05:11","slug":"previsions-du-dimanche-7-septembre-2025-5","status":"publish","type":"post","link":"https:\/\/www.europesays.com\/fr\/371775\/","title":{"rendered":"pr\u00e9visions du dimanche 7 septembre 2025"},"content":{"rendered":"<p>Un superbe soleil va briller sur Toulouse et ce, tout au long de la journ\u00e9e. Les temp\u00e9ratures seront de 24\u00b0C. Un vent de sud-est, atteignant 23 km\/h, soufflera. L&rsquo;air ambiant va se r\u00e9chauffer l&rsquo;apr\u00e8s-midi avec une augmentation de plusieurs degr\u00e9s. Les valeurs s&rsquo;\u00e9chelonneront de 26 \u00e0 29\u00b0C. Le soir, le vent va progressivement \u00e9loigner les nuages. On anticipe des temp\u00e9ratures avoisinant 22\u00b0C. On passera de dimanche \u00e0 lundi par une nuit claire.<\/p>\n<p>De l\u00e9gers nuages en pr\u00e9vision demain, \u00e0 Toulouse, et un ciel encore maussade. Le mercure va chuter de quelques degr\u00e9s. Les valeurs seront comprises entre 16 et 23\u00b0C. Une modeste brise de nord-ouest sera ressentie par les habitants. On notera la pr\u00e9sence persistante de petits nuages le matin. Toujours de la grisaille demain apr\u00e8s-midi. Les nuages vont s&rsquo;attarder. Des pluies \u00e9parses vont tomber. En revanche, les temp\u00e9ratures vont grimper de quelques degr\u00e9s. Les valeurs afficheront entre 22\u00b0C et 23\u00b0C. La grisaille ne se dissipe toujours pas, il y aura encore des nuages demain soir. Du mauvais temps est \u00e0 pr\u00e9voir. Des pluies \u00e9parses vont tomber.<\/p>\n<p>Le temps des journ\u00e9es suivantes va changer peu \u00e0 peu. M\u00eame si le mauvais temps se maintiendra quelque peu mardi, il faut pr\u00e9voir une am\u00e9lioration ensuite.<\/p>\n<p><\/p>\n","protected":false},"excerpt":{"rendered":"Un superbe soleil va briller sur Toulouse et ce, tout au long de la journ\u00e9e. Les temp\u00e9ratures seront&hellip;\n","protected":false},"author":2,"featured_media":371776,"comment_status":"","ping_status":"","sticky":false,"template":"","format":"standard","meta":{"footnotes":""},"categories":[2816],"tags":[1111,11,1777,674,1011,27,2722,2721,12,2680,2119,25,2312],"class_list":{"0":"post-371775","1":"post","2":"type-post","3":"status-publish","4":"format-standard","5":"has-post-thumbnail","7":"category-toulouse","8":"tag-actu","9":"tag-actualites","10":"tag-eu","11":"tag-europe","12":"tag-fr","13":"tag-france","14":"tag-haute-garonne","15":"tag-midi-pyrenees","16":"tag-news","17":"tag-occitanie","18":"tag-previsions-meteo","19":"tag-republique-francaise","20":"tag-toulouse"},"share_on_mastodon":{"url":"https:\/\/pubeurope.com\/@fr\/115160096700393020","error":""},"_links":{"self":[{"href":"https:\/\/www.europesays.com\/fr\/wp-json\/wp\/v2\/posts\/371775","targetHints":{"allow":["GET"]}}],"collection":[{"href":"https:\/\/www.europesays.com\/fr\/wp-json\/wp\/v2\/posts"}],"about":[{"href":"https:\/\/www.europesays.com\/fr\/wp-json\/wp\/v2\/types\/post"}],"author":[{"embeddable":true,"href":"https:\/\/www.europesays.com\/fr\/wp-json\/wp\/v2\/users\/2"}],"replies":[{"embeddable":true,"href":"https:\/\/www.europesays.com\/fr\/wp-json\/wp\/v2\/comments?post=371775"}],"version-history":[{"count":0,"href":"https:\/\/www.europesays.com\/fr\/wp-json\/wp\/v2\/posts\/371775\/revisions"}],"wp:featuredmedia":[{"embeddable":true,"href":"https:\/\/www.europesays.com\/fr\/wp-json\/wp\/v2\/media\/371776"}],"wp:attachment":[{"href":"https:\/\/www.europesays.com\/fr\/wp-json\/wp\/v2\/media?parent=371775"}],"wp:term":[{"taxonomy":"category","embeddable":true,"href":"https:\/\/www.europesays.com\/fr\/wp-json\/wp\/v2\/categories?post=371775"},{"taxonomy":"post_tag","embeddable":true,"href":"https:\/\/www.europesays.com\/fr\/wp-json\/wp\/v2\/tags?post=371775"}],"curies":[{"name":"wp","href":"https:\/\/api.w.org\/{rel}","templated":true}]}}