{"id":371777,"date":"2025-09-07T00:06:11","date_gmt":"2025-09-07T00:06:11","guid":{"rendered":"https:\/\/www.europesays.com\/fr\/371777\/"},"modified":"2025-09-07T00:06:11","modified_gmt":"2025-09-07T00:06:11","slug":"previsions-du-dimanche-7-septembre-2025-6","status":"publish","type":"post","link":"https:\/\/www.europesays.com\/fr\/371777\/","title":{"rendered":"pr\u00e9visions du dimanche 7 septembre 2025"},"content":{"rendered":"<p>Aujourd&rsquo;hui, un grand soleil rayonnera sur Lille. Les temp\u00e9ratures s&rsquo;\u00e9chelonneront entre 14 et 32\u00b0C. Le matin, le mercure affichera 22\u00b0C en moyenne. La ville sera touch\u00e9e par un vent de sud-est de 20 km\/h. Les temp\u00e9ratures vont enregistrer une hausse de plusieurs degr\u00e9s dans l&rsquo;apr\u00e8s-midi. Les valeurs \u00e9volueront entre 29 et 32\u2009\u00b0C. Le ciel sera assez lumineux, avec quelques \u00e9claircies le soir. Les temp\u00e9ratures avoisineront les 22\u00b0C. On passera de dimanche \u00e0 lundi par une nuit claire.<\/p>\n<p>Une chute des temp\u00e9ratures est pr\u00e9vue \u00e0 Lille, demain. Les valeurs afficheront entre 16 et 24\u00b0C. La ville aura quelques \u00e9claircies le matin. Un vent d&rsquo;ouest rafra\u00eechira l\u00e9g\u00e8rement l&rsquo;atmosph\u00e8re. Le ciel sera couvert dans l&rsquo;apr\u00e8s-midi. La m\u00e9t\u00e9o sera ponctu\u00e9e par des pluies \u00e9parses. En revanche, c&rsquo;est une hausse de quelques degr\u00e9s que vont conna\u00eetre les temp\u00e9ratures. Les maximales pourront atteindre 24\u00b0C tandis que les minimales seront de 21\u00b0C. Des \u00e9claircies sont pr\u00e9vues : on passera une soir\u00e9e cl\u00e9mente. Un vent de nord-ouest soufflera un peu, avec 11 km\/h.<\/p>\n<p>Les jours suivants s&rsquo;annoncent identiques. Il fera 24\u00b0C en moyenne pour des journ\u00e9es avec un ciel ensoleill\u00e9.<\/p>\n<p>Pour se prot\u00e9ger des fortes chaleurs, il faut penser \u00e0 boire fr\u00e9quemment et \u00e0 bien manger. Couvrez votre peau avec un t-shirt, un bob, de l&rsquo;\u00e9cran solaire et ne vous exposez pas au soleil durant les heures les plus chaudes.<\/p>\n","protected":false},"excerpt":{"rendered":"Aujourd&rsquo;hui, un grand soleil rayonnera sur Lille. Les temp\u00e9ratures s&rsquo;\u00e9chelonneront entre 14 et 32\u00b0C. Le matin, le mercure&hellip;\n","protected":false},"author":2,"featured_media":371778,"comment_status":"","ping_status":"","sticky":false,"template":"","format":"standard","meta":{"footnotes":""},"categories":[2815],"tags":[1111,11,1777,674,1011,27,811,1307,12,1308,1309,2119,25],"class_list":{"0":"post-371777","1":"post","2":"type-post","3":"status-publish","4":"format-standard","5":"has-post-thumbnail","7":"category-lille","8":"tag-actu","9":"tag-actualites","10":"tag-eu","11":"tag-europe","12":"tag-fr","13":"tag-france","14":"tag-hauts-de-france","15":"tag-lille","16":"tag-news","17":"tag-nord","18":"tag-nord-pas-de-calais","19":"tag-previsions-meteo","20":"tag-republique-francaise"},"share_on_mastodon":{"url":"https:\/\/pubeurope.com\/@fr\/115160100607422544","error":""},"_links":{"self":[{"href":"https:\/\/www.europesays.com\/fr\/wp-json\/wp\/v2\/posts\/371777","targetHints":{"allow":["GET"]}}],"collection":[{"href":"https:\/\/www.europesays.com\/fr\/wp-json\/wp\/v2\/posts"}],"about":[{"href":"https:\/\/www.europesays.com\/fr\/wp-json\/wp\/v2\/types\/post"}],"author":[{"embeddable":true,"href":"https:\/\/www.europesays.com\/fr\/wp-json\/wp\/v2\/users\/2"}],"replies":[{"embeddable":true,"href":"https:\/\/www.europesays.com\/fr\/wp-json\/wp\/v2\/comments?post=371777"}],"version-history":[{"count":0,"href":"https:\/\/www.europesays.com\/fr\/wp-json\/wp\/v2\/posts\/371777\/revisions"}],"wp:featuredmedia":[{"embeddable":true,"href":"https:\/\/www.europesays.com\/fr\/wp-json\/wp\/v2\/media\/371778"}],"wp:attachment":[{"href":"https:\/\/www.europesays.com\/fr\/wp-json\/wp\/v2\/media?parent=371777"}],"wp:term":[{"taxonomy":"category","embeddable":true,"href":"https:\/\/www.europesays.com\/fr\/wp-json\/wp\/v2\/categories?post=371777"},{"taxonomy":"post_tag","embeddable":true,"href":"https:\/\/www.europesays.com\/fr\/wp-json\/wp\/v2\/tags?post=371777"}],"curies":[{"name":"wp","href":"https:\/\/api.w.org\/{rel}","templated":true}]}}