{"id":371779,"date":"2025-09-07T00:07:13","date_gmt":"2025-09-07T00:07:13","guid":{"rendered":"https:\/\/www.europesays.com\/fr\/371779\/"},"modified":"2025-09-07T00:07:13","modified_gmt":"2025-09-07T00:07:13","slug":"a-la-braderie-de-lille-lheure-est-au-combat-pour-lfi","status":"publish","type":"post","link":"https:\/\/www.europesays.com\/fr\/371779\/","title":{"rendered":"\u00c0 la braderie de Lille, \u00ab\u00a0l\u2019heure est au combat\u00a0\u00bb pour LFI"},"content":{"rendered":"<p>La France insoumise (LFI), qui avait promis il y a quelques semaines une \u00ab\u00a0surprise\u00a0\u00bb pour les municipales \u00e0 Lille, a finalement annonc\u00e9, ce samedi 6 septembre, que la t\u00eate de liste serait une d\u00e9put\u00e9e suppl\u00e9ante peu connue, Lahouaria Addouche. Le coordinateur national de LFI, Manuel Bompard, a bien tent\u00e9 de mettre en avant cette candidature, il a rapidement bifurqu\u00e9 vers le national\u00a0: \u00ab\u00a0L\u2019heure est au combat\u00a0\u00bb, a-t-il assur\u00e9, appelant les Fran\u00e7ais \u00e0 \u00ab\u00a0donner un petit coup de main\u00a0\u00bb au pr\u00e9sident Emmanuel Macron pour \u00ab\u00a0l\u2019aider \u00e0 partir\u00a0\u00bb.<\/p>\n<p>Le PS particuli\u00e8rement cibl\u00e9<\/p>\n<p>Localement comme nationalement, ni Bompard ni Addouche n\u2019ont retenu leurs coups contre les socialistes, accus\u00e9s par l\u2019un d\u2019\u00eatre \u00ab\u00a0pr\u00eats \u00e0 brader l\u2019ensemble du programme\u00a0\u00bb du Nouveau front populaire, par l\u2019autre d\u2019avoir \u00ab\u00a0tourn\u00e9 le dos \u00e0 la justice sociale\u00a0\u00bb et aux quartiers populaires. \u00ab\u00a0Ce sont des arguments de campagne, ils pourront prosp\u00e9rer de leur c\u00f4t\u00e9, mais \u00e7a ne r\u00e9siste pas aux faits\u00a0\u00bb, s\u2019est offusqu\u00e9 le socialiste A<a href=\"https:\/\/www.letelegramme.fr\/politique\/la-maire-de-lille-martine-aubry-annonce-sa-demission-mi-mars-le-temps-est-venu-de-passer-la-main-6772721.php\" rel=\"nofollow noopener\" target=\"_blank\">rnaud Deslandes, dauphin de Martine Aubry<\/a>, qui vit sa premi\u00e8re braderie dans la peau de maire, quelques mois apr\u00e8s lui avoir succ\u00e9d\u00e9.<\/p>\n<p>Le 8 septembre, \u00ab\u00a0ce sera une victoire populaire. Ce sera le jour o\u00f9 nous ferons partir le Premier ministre. Mais le 10, nous bloquerons tout pour faire partir M. Macron lui-m\u00eame, car c\u2019est lui le responsable de la crise\u00a0\u00bb, a d\u00e9clar\u00e9 de son c\u00f4t\u00e9 Jean-Luc M\u00e9lenchon dans un discours fleuve, ajoutant notamment que \u00ab\u00a0la col\u00e8re est l\u00e9gitime et elle est profonde. Ce n\u2019est pas par caprice que les gens vont tout bloquer. C\u2019est car la situation est devenue invivable pour beaucoup\u00a0\u00bb.<\/p>\n","protected":false},"excerpt":{"rendered":"La France insoumise (LFI), qui avait promis il y a quelques semaines une \u00ab\u00a0surprise\u00a0\u00bb pour les municipales \u00e0&hellip;\n","protected":false},"author":2,"featured_media":371780,"comment_status":"","ping_status":"","sticky":false,"template":"","format":"standard","meta":{"footnotes":""},"categories":[2815],"tags":[1111,11,765,1777,674,1011,27,811,1307,12,316,25],"class_list":{"0":"post-371779","1":"post","2":"type-post","3":"status-publish","4":"format-standard","5":"has-post-thumbnail","7":"category-lille","8":"tag-actu","9":"tag-actualites","10":"tag-en-continu","11":"tag-eu","12":"tag-europe","13":"tag-fr","14":"tag-france","15":"tag-hauts-de-france","16":"tag-lille","17":"tag-news","18":"tag-politique","19":"tag-republique-francaise"},"share_on_mastodon":{"url":"https:\/\/pubeurope.com\/@fr\/115160104556653676","error":""},"_links":{"self":[{"href":"https:\/\/www.europesays.com\/fr\/wp-json\/wp\/v2\/posts\/371779","targetHints":{"allow":["GET"]}}],"collection":[{"href":"https:\/\/www.europesays.com\/fr\/wp-json\/wp\/v2\/posts"}],"about":[{"href":"https:\/\/www.europesays.com\/fr\/wp-json\/wp\/v2\/types\/post"}],"author":[{"embeddable":true,"href":"https:\/\/www.europesays.com\/fr\/wp-json\/wp\/v2\/users\/2"}],"replies":[{"embeddable":true,"href":"https:\/\/www.europesays.com\/fr\/wp-json\/wp\/v2\/comments?post=371779"}],"version-history":[{"count":0,"href":"https:\/\/www.europesays.com\/fr\/wp-json\/wp\/v2\/posts\/371779\/revisions"}],"wp:featuredmedia":[{"embeddable":true,"href":"https:\/\/www.europesays.com\/fr\/wp-json\/wp\/v2\/media\/371780"}],"wp:attachment":[{"href":"https:\/\/www.europesays.com\/fr\/wp-json\/wp\/v2\/media?parent=371779"}],"wp:term":[{"taxonomy":"category","embeddable":true,"href":"https:\/\/www.europesays.com\/fr\/wp-json\/wp\/v2\/categories?post=371779"},{"taxonomy":"post_tag","embeddable":true,"href":"https:\/\/www.europesays.com\/fr\/wp-json\/wp\/v2\/tags?post=371779"}],"curies":[{"name":"wp","href":"https:\/\/api.w.org\/{rel}","templated":true}]}}