{"id":371781,"date":"2025-09-07T00:08:16","date_gmt":"2025-09-07T00:08:16","guid":{"rendered":"https:\/\/www.europesays.com\/fr\/371781\/"},"modified":"2025-09-07T00:08:16","modified_gmt":"2025-09-07T00:08:16","slug":"les-dysfonctionnements-de-la-brigade-des-mineurs-de-marseille-mis-a-jour","status":"publish","type":"post","link":"https:\/\/www.europesays.com\/fr\/371781\/","title":{"rendered":"les dysfonctionnements de la brigade des mineurs de Marseille\u00a0 mis \u00e0 jour"},"content":{"rendered":"<p>Sans Christophe Annunziata, il n\u2019y aurait<strong> pas eu d\u2019affaire Palisca<\/strong>. Et pour cela, le bin\u00f4me du policier de la brigade des mineurs de Marseille <a href=\"https:\/\/www.laprovence.com\/article\/faits-divers-justice\/3523425704611514\/policier-pedophile-a-marseille-lagent-condamne-a-15-ans-de-reclusion-criminelle-pour-le-viol-de-deux-enfants-philippins\" target=\"_blank\" rel=\"noopener\">condamn\u00e9 jeudi 4 septembre<\/a> pour le viol de deux enfants philippins et la d\u00e9tention de milliers de fichiers p\u00e9dopornographiques, \u00e9tait devenu \u00ab\u00a0l\u2019homme \u00e0 abattre\u00a0\u00bb dans son propre service. Entendus \u00e0 l\u2019ouverture des d\u00e9bats, les enqu\u00eateurs de l\u2019IGPN avaient d\u00e9j\u00e0 jet\u00e9 un pav\u00e9 dans la mare, <strong>d\u00e9non\u00e7ant \u00ab\u00a0une inertie tr\u00e8s condamnable de sa hi\u00e9rarchie\u00a0\u00bb<\/strong>. Le proc\u00e8s de Julien Palisca n\u2019\u00e9tait pas celui de la brigade des mineurs de Marseille. Mais il a permis de lever le voile sur d\u2019importants dysfonctionnements au sein de l\u2019unit\u00e9.<\/p>\n<p>Droit debout \u00e0 la barre, les mains ancr\u00e9es sur le pupitre, Christophe Annunziata a livr\u00e9 mardi dernier \u00e0 la cour criminelle des Bouches-du-Rh\u00f4ne, un r\u00e9cit d\u00e9taill\u00e9 du <a href=\"https:\/\/www.laprovence.com\/article\/faits-divers-justice\/1805774447507314\/policier-pedophile-a-marseille-son-collegue-qui-la-demasque-raconte-a-la-barre-son-calvaire-pour-queclate-la-verite\" target=\"_blank\" rel=\"noopener\">chemin de croix qu\u2019il a parcouru pour \u00ab\u00a0d\u00e9busquer un p\u00e9dophile\u00a0\u00bb<\/a>. Dans la salle d\u2019audience, certains de <strong>ses anciens coll\u00e8gues sont pr\u00e9sents. Ils ne l\u2019ont pas salu\u00e9<\/strong>.<\/p>\n<p>Et pour cause. Dans son audition, le lanceur d\u2019alerte remonte m\u00e9ticuleusement les longs mois durant lesquels ses sup\u00e9rieurs ont trait\u00e9 ses signalements par-dessus la jambe. \u00ab\u00a0C\u2019est comme dans une famille, da&#8230;<\/p>\n","protected":false},"excerpt":{"rendered":"Sans Christophe Annunziata, il n\u2019y aurait pas eu d\u2019affaire Palisca. Et pour cela, le bin\u00f4me du policier de&hellip;\n","protected":false},"author":2,"featured_media":371782,"comment_status":"","ping_status":"","sticky":false,"template":"","format":"standard","meta":{"footnotes":""},"categories":[2814],"tags":[17,1111,11,17434,154,34875,1777,674,274,1011,27,151,884,12,10910,2694,882,25,50581],"class_list":{"0":"post-371781","1":"post","2":"type-post","3":"status-publish","4":"format-standard","5":"has-post-thumbnail","7":"category-marseille","8":"tag-17","9":"tag-actu","10":"tag-actualites","11":"tag-brigade","12":"tag-des","13":"tag-dysfonctionnements","14":"tag-eu","15":"tag-europe","16":"tag-faits-divers-justice","17":"tag-fr","18":"tag-france","19":"tag-les","20":"tag-marseille","21":"tag-news","22":"tag-policier","23":"tag-proces","24":"tag-provence-alpes-cote-dazur","25":"tag-republique-francaise","26":"tag-violeur"},"share_on_mastodon":{"url":"https:\/\/pubeurope.com\/@fr\/115160108475256961","error":""},"_links":{"self":[{"href":"https:\/\/www.europesays.com\/fr\/wp-json\/wp\/v2\/posts\/371781","targetHints":{"allow":["GET"]}}],"collection":[{"href":"https:\/\/www.europesays.com\/fr\/wp-json\/wp\/v2\/posts"}],"about":[{"href":"https:\/\/www.europesays.com\/fr\/wp-json\/wp\/v2\/types\/post"}],"author":[{"embeddable":true,"href":"https:\/\/www.europesays.com\/fr\/wp-json\/wp\/v2\/users\/2"}],"replies":[{"embeddable":true,"href":"https:\/\/www.europesays.com\/fr\/wp-json\/wp\/v2\/comments?post=371781"}],"version-history":[{"count":0,"href":"https:\/\/www.europesays.com\/fr\/wp-json\/wp\/v2\/posts\/371781\/revisions"}],"wp:featuredmedia":[{"embeddable":true,"href":"https:\/\/www.europesays.com\/fr\/wp-json\/wp\/v2\/media\/371782"}],"wp:attachment":[{"href":"https:\/\/www.europesays.com\/fr\/wp-json\/wp\/v2\/media?parent=371781"}],"wp:term":[{"taxonomy":"category","embeddable":true,"href":"https:\/\/www.europesays.com\/fr\/wp-json\/wp\/v2\/categories?post=371781"},{"taxonomy":"post_tag","embeddable":true,"href":"https:\/\/www.europesays.com\/fr\/wp-json\/wp\/v2\/tags?post=371781"}],"curies":[{"name":"wp","href":"https:\/\/api.w.org\/{rel}","templated":true}]}}