{"id":371783,"date":"2025-09-07T00:09:11","date_gmt":"2025-09-07T00:09:11","guid":{"rendered":"https:\/\/www.europesays.com\/fr\/371783\/"},"modified":"2025-09-07T00:09:11","modified_gmt":"2025-09-07T00:09:11","slug":"marseille-kader-boudaoud-redacteur-en-chef-de-france-3-provence-alpes","status":"publish","type":"post","link":"https:\/\/www.europesays.com\/fr\/371783\/","title":{"rendered":"MARSEILLE : Kader BOUDAOUD, r\u00e9dacteur en chef de France 3 Provence-Alpes"},"content":{"rendered":"<p style=\"text-align: left;\"><strong>Kader Boudaoud d\u00e9marre sa carri\u00e8re \u00e0 la Provence, au bureau d\u2019Avignon, puis \u00e0 I T\u00e9l\u00e9vision, la cha\u00eene info de Canal +.<\/strong><\/p>\n<p style=\"text-align: left;\">En 2000, il int\u00e8gre le service des sports de France T\u00e9l\u00e9visions comme Grand Reporter. Il sera envoy\u00e9 sp\u00e9cial pour Stade 2 et Tout le Sport. Il suivra notamment l\u2019\u00e9quipe de France de football pour la Coupe du Monde de la FIFA 2006, 2014 et l\u2019UEFA Euro 2008. Il est \u00e9galement sp\u00e9cialiste pour les magazines de football \u00e0 l\u2019\u00e9tranger (Angleterre, Allemagne, Espagne, Am\u00e9rique du Sud).<\/p>\n<p style=\"text-align: left;\">Toujours dans le domaine du football, il sera \u00e9galement pr\u00e9sentateur et commentateur sur France T\u00e9l\u00e9visions des grandes comp\u00e9titions internationales.<\/p>\n<p style=\"text-align: left;\">Depuis novembre 2019, il \u00e9tait r\u00e9dacteur en chef adjoint de France 3 Provence-Alpes, en charge de la locale du Var.<\/p>\n<p style=\"text-align: left;\">Kader Boudaoud, nouveau r\u00e9dacteur en chef de France 3 Provence-Alpes, \u00e0 partir du 8 septembre.<\/p>\n<p style=\"text-align: left;\">Samuel Peltier, directeur r\u00e9gional de France 3 Provence-Alpes-C\u00f4te d\u2019Azur, nomme Kader Boudaoud, r\u00e9dacteur en chef de France 3 Provence-Alpes.<\/p>\n","protected":false},"excerpt":{"rendered":"Kader Boudaoud d\u00e9marre sa carri\u00e8re \u00e0 la Provence, au bureau d\u2019Avignon, puis \u00e0 I T\u00e9l\u00e9vision, la cha\u00eene info&hellip;\n","protected":false},"author":2,"featured_media":371784,"comment_status":"","ping_status":"","sticky":false,"template":"","format":"standard","meta":{"footnotes":""},"categories":[2814],"tags":[1111,11,1777,674,1011,27,884,12,882,25],"class_list":{"0":"post-371783","1":"post","2":"type-post","3":"status-publish","4":"format-standard","5":"has-post-thumbnail","7":"category-marseille","8":"tag-actu","9":"tag-actualites","10":"tag-eu","11":"tag-europe","12":"tag-fr","13":"tag-france","14":"tag-marseille","15":"tag-news","16":"tag-provence-alpes-cote-dazur","17":"tag-republique-francaise"},"share_on_mastodon":{"url":"https:\/\/pubeurope.com\/@fr\/115160112395450793","error":""},"_links":{"self":[{"href":"https:\/\/www.europesays.com\/fr\/wp-json\/wp\/v2\/posts\/371783","targetHints":{"allow":["GET"]}}],"collection":[{"href":"https:\/\/www.europesays.com\/fr\/wp-json\/wp\/v2\/posts"}],"about":[{"href":"https:\/\/www.europesays.com\/fr\/wp-json\/wp\/v2\/types\/post"}],"author":[{"embeddable":true,"href":"https:\/\/www.europesays.com\/fr\/wp-json\/wp\/v2\/users\/2"}],"replies":[{"embeddable":true,"href":"https:\/\/www.europesays.com\/fr\/wp-json\/wp\/v2\/comments?post=371783"}],"version-history":[{"count":0,"href":"https:\/\/www.europesays.com\/fr\/wp-json\/wp\/v2\/posts\/371783\/revisions"}],"wp:featuredmedia":[{"embeddable":true,"href":"https:\/\/www.europesays.com\/fr\/wp-json\/wp\/v2\/media\/371784"}],"wp:attachment":[{"href":"https:\/\/www.europesays.com\/fr\/wp-json\/wp\/v2\/media?parent=371783"}],"wp:term":[{"taxonomy":"category","embeddable":true,"href":"https:\/\/www.europesays.com\/fr\/wp-json\/wp\/v2\/categories?post=371783"},{"taxonomy":"post_tag","embeddable":true,"href":"https:\/\/www.europesays.com\/fr\/wp-json\/wp\/v2\/tags?post=371783"}],"curies":[{"name":"wp","href":"https:\/\/api.w.org\/{rel}","templated":true}]}}