{"id":371785,"date":"2025-09-07T00:10:12","date_gmt":"2025-09-07T00:10:12","guid":{"rendered":"https:\/\/www.europesays.com\/fr\/371785\/"},"modified":"2025-09-07T00:10:12","modified_gmt":"2025-09-07T00:10:12","slug":"previsions-du-dimanche-7-septembre-2025-7","status":"publish","type":"post","link":"https:\/\/www.europesays.com\/fr\/371785\/","title":{"rendered":"pr\u00e9visions du dimanche 7 septembre 2025"},"content":{"rendered":"<p>Un superbe soleil brillera sur Lyon, o\u00f9 la journ\u00e9e s&rsquo;annoncera des plus plaisantes. Les temp\u00e9ratures avoisineront les 22\u00b0C. Une brise de sud-est soufflera doucement dans la matin\u00e9e. Une m\u00e9t\u00e9o plus chaude est pr\u00e9vue l&rsquo;apr\u00e8s-midi \u00e9tant donn\u00e9 que le mercure va conna\u00eetre une hausse. Les maximales atteindront les 29\u00b0C tandis que les minimales seront de 25\u00b0C. Un ciel d\u00e9pourvu de nuages est attendu dans la nuit reliant dimanche et lundi.<\/p>\n<p>Demain, \u00e0 Lyon, des nuages ne voudront pas c\u00e9der leur place au soleil. Les temp\u00e9ratures vont chuter de quelques degr\u00e9s. Les valeurs s&rsquo;\u00e9chelonneront entre 17 et 23\u00b0C. Le temps sera au brouillard dans la matin\u00e9e. Un petit vent de nord-ouest soufflera. Un temps voil\u00e9 avec un d\u00e9veloppement de nuages est annonc\u00e9 dans l&rsquo;apr\u00e8s-midi. Intemp\u00e9ries : on annonce des pluies \u00e9parses. En revanche, la m\u00e9t\u00e9o va se r\u00e9chauffer avec une augmentation de quelques degr\u00e9s. Les temp\u00e9ratures seront de 22\u00b0C au plus bas et de 23\u00b0C au plus haut. Les nuages \u00e0 pr\u00e9voir demain soir, et un ciel encore maussade. Il faudra s&rsquo;attendre \u00e0 des perturbations, les Lyonnais se retrouveront sous des pluies \u00e9parses. Les valeurs tourneront autour des 20\u00b0C. Une l\u00e9g\u00e8re brise de nord-ouest sera ressentie par les habitants.<\/p>\n<p>Pour la suite, la m\u00e9t\u00e9o ne bougera pas. Il fera 21\u00b0C en moyenne pour des journ\u00e9es avec un ciel pluvieux.<\/p>\n<p><\/p>\n","protected":false},"excerpt":{"rendered":"Un superbe soleil brillera sur Lyon, o\u00f9 la journ\u00e9e s&rsquo;annoncera des plus plaisantes. Les temp\u00e9ratures avoisineront les 22\u00b0C.&hellip;\n","protected":false},"author":2,"featured_media":371786,"comment_status":"","ping_status":"","sticky":false,"template":"","format":"standard","meta":{"footnotes":""},"categories":[1889],"tags":[1111,11,2430,1777,674,1011,27,2428,12,2119,25],"class_list":{"0":"post-371785","1":"post","2":"type-post","3":"status-publish","4":"format-standard","5":"has-post-thumbnail","7":"category-lyon","8":"tag-actu","9":"tag-actualites","10":"tag-auvergne-rhone-alpes","11":"tag-eu","12":"tag-europe","13":"tag-fr","14":"tag-france","15":"tag-lyon","16":"tag-news","17":"tag-previsions-meteo","18":"tag-republique-francaise"},"share_on_mastodon":{"url":"https:\/\/pubeurope.com\/@fr\/115160116493596941","error":""},"_links":{"self":[{"href":"https:\/\/www.europesays.com\/fr\/wp-json\/wp\/v2\/posts\/371785","targetHints":{"allow":["GET"]}}],"collection":[{"href":"https:\/\/www.europesays.com\/fr\/wp-json\/wp\/v2\/posts"}],"about":[{"href":"https:\/\/www.europesays.com\/fr\/wp-json\/wp\/v2\/types\/post"}],"author":[{"embeddable":true,"href":"https:\/\/www.europesays.com\/fr\/wp-json\/wp\/v2\/users\/2"}],"replies":[{"embeddable":true,"href":"https:\/\/www.europesays.com\/fr\/wp-json\/wp\/v2\/comments?post=371785"}],"version-history":[{"count":0,"href":"https:\/\/www.europesays.com\/fr\/wp-json\/wp\/v2\/posts\/371785\/revisions"}],"wp:featuredmedia":[{"embeddable":true,"href":"https:\/\/www.europesays.com\/fr\/wp-json\/wp\/v2\/media\/371786"}],"wp:attachment":[{"href":"https:\/\/www.europesays.com\/fr\/wp-json\/wp\/v2\/media?parent=371785"}],"wp:term":[{"taxonomy":"category","embeddable":true,"href":"https:\/\/www.europesays.com\/fr\/wp-json\/wp\/v2\/categories?post=371785"},{"taxonomy":"post_tag","embeddable":true,"href":"https:\/\/www.europesays.com\/fr\/wp-json\/wp\/v2\/tags?post=371785"}],"curies":[{"name":"wp","href":"https:\/\/api.w.org\/{rel}","templated":true}]}}