{"id":371787,"date":"2025-09-07T00:11:16","date_gmt":"2025-09-07T00:11:16","guid":{"rendered":"https:\/\/www.europesays.com\/fr\/371787\/"},"modified":"2025-09-07T00:11:16","modified_gmt":"2025-09-07T00:11:16","slug":"lyon-un-enseignant-gay-prive-de-reconnaissance-de-paternite-par-le-rectorat","status":"publish","type":"post","link":"https:\/\/www.europesays.com\/fr\/371787\/","title":{"rendered":"Lyon : un enseignant gay priv\u00e9 de reconnaissance de paternit\u00e9 par le rectorat"},"content":{"rendered":"<p>\u00c0 Lyon, un professeur des \u00e9coles m\u00e8ne une bataille in\u00e9dite contre son administration. Bien que l\u2019\u00c9tat civil fran\u00e7ais et canadien reconnaisse sa paternit\u00e9, le rectorat refuse toujours d\u2019en tenir compte dans ses fichiers, l\u2019emp\u00eachant d\u2019acc\u00e9der aux droits li\u00e9s \u00e0 son statut de parent.<\/p>\n<p>Selon une enqu\u00eate publi\u00e9e le 4 septembre par <a href=\"https:\/\/www.mediacites.fr\/enquete\/lyon\/2025\/09\/04\/homophobie-institutionnalisee-le-rectorat-de-lyon-refuse-de-reconnaitre-la-paternite-dun-prof-en-couple-avec-un-homme\/\" rel=\"nofollow noopener\" target=\"_blank\">Mediacit\u00e9s<\/a>, l\u2019enseignant \u2013 pr\u00e9nomm\u00e9 Fran\u00e7ois pour pr\u00e9server son anonymat \u2013 est mari\u00e9 \u00e0 un homme et p\u00e8re d\u2019un enfant de deux ans. Pourtant, sur la <a href=\"https:\/\/www.education.gouv.fr\/i-prof-l-assistant-carriere-12194?utm_source=chatgpt.com\" target=\"_blank\" rel=\"noopener nofollow\">plateforme I-Prof<\/a>, qui centralise la carri\u00e8re des enseignants, son dossier affiche la mention : \u00ab Vous n\u2019avez pas d\u2019enfant \u00bb. Une simple ligne, mais aux cons\u00e9quences concr\u00e8tes : impossibilit\u00e9 de b\u00e9n\u00e9ficier de cong\u00e9s ou d\u2019am\u00e9nagements pr\u00e9vus pour les familles.<\/p>\n<p>Face \u00e0 ce qu\u2019il consid\u00e8re comme une discrimination flagrante, l\u2019enseignant a saisi la justice administrative. \u00ab C\u2019est une double peine. Ma paternit\u00e9 est reconnue par l\u2019\u00c9tat, mais mon employeur, qui en d\u00e9pend, fait comme si mon fils n\u2019existait pas \u00bb, confie-t-il \u00e0 <a href=\"https:\/\/www.mediacites.fr\/enquete\/lyon\/2025\/09\/04\/homophobie-institutionnalisee-le-rectorat-de-lyon-refuse-de-reconnaitre-la-paternite-dun-prof-en-couple-avec-un-homme\/\" rel=\"nofollow noopener\" target=\"_blank\">Mediacit\u00e9s<\/a>.<\/p>\n<p>Le syndicat Sud \u00c9ducation 69 a publiquement pris position, d\u00e9non\u00e7ant \u00ab une homophobie institutionnelle qui dure depuis pr\u00e8s de deux ans \u00bb. Dans <a href=\"https:\/\/www.sudeducation69.org\/discrimination-au-rectorat-de-lyon-la-rectrice-de-lyon-est-elle-homophobe-sud-education-69-sinterroge\/?utm_source=chatgpt.com\" target=\"_blank\" rel=\"noopener nofollow\">un communiqu\u00e9<\/a>, il interpelle directement la rectrice de l\u2019acad\u00e9mie et demande des explications.<\/p>\n<p>Le rectorat, pour l\u2019instant, garde le silence. Mais l\u2019affaire pourrait faire jurisprudence : elle met en lumi\u00e8re l\u2019\u00e9cart entre l\u2019\u00e9volution du droit de la famille et les r\u00e9sistances administratives, au risque de renforcer le sentiment d\u2019injustice parmi les familles homoparentales.<\/p>\n<p>La situation v\u00e9cue par cet enseignant rappelle que l\u2019\u00e9galit\u00e9 proclam\u00e9e n\u2019est pas toujours appliqu\u00e9e. Associations et syndicats redoutent que ce cas ne soit que la partie visible d\u2019un probl\u00e8me plus large.<\/p>\n<p>Nous apportons tout notre soutien \u00e0 cet enseignant. L\u2019\u00e9galit\u00e9 des droits ne doit pas rester lettre morte.<\/p>\n","protected":false},"excerpt":{"rendered":"\u00c0 Lyon, un professeur des \u00e9coles m\u00e8ne une bataille in\u00e9dite contre son administration. Bien que l\u2019\u00c9tat civil fran\u00e7ais&hellip;\n","protected":false},"author":2,"featured_media":371788,"comment_status":"","ping_status":"","sticky":false,"template":"","format":"standard","meta":{"footnotes":""},"categories":[1889],"tags":[1111,11,2430,1777,674,1011,27,2428,12,25],"class_list":{"0":"post-371787","1":"post","2":"type-post","3":"status-publish","4":"format-standard","5":"has-post-thumbnail","7":"category-lyon","8":"tag-actu","9":"tag-actualites","10":"tag-auvergne-rhone-alpes","11":"tag-eu","12":"tag-europe","13":"tag-fr","14":"tag-france","15":"tag-lyon","16":"tag-news","17":"tag-republique-francaise"},"share_on_mastodon":{"url":"https:\/\/pubeurope.com\/@fr\/115160120195006980","error":""},"_links":{"self":[{"href":"https:\/\/www.europesays.com\/fr\/wp-json\/wp\/v2\/posts\/371787","targetHints":{"allow":["GET"]}}],"collection":[{"href":"https:\/\/www.europesays.com\/fr\/wp-json\/wp\/v2\/posts"}],"about":[{"href":"https:\/\/www.europesays.com\/fr\/wp-json\/wp\/v2\/types\/post"}],"author":[{"embeddable":true,"href":"https:\/\/www.europesays.com\/fr\/wp-json\/wp\/v2\/users\/2"}],"replies":[{"embeddable":true,"href":"https:\/\/www.europesays.com\/fr\/wp-json\/wp\/v2\/comments?post=371787"}],"version-history":[{"count":0,"href":"https:\/\/www.europesays.com\/fr\/wp-json\/wp\/v2\/posts\/371787\/revisions"}],"wp:featuredmedia":[{"embeddable":true,"href":"https:\/\/www.europesays.com\/fr\/wp-json\/wp\/v2\/media\/371788"}],"wp:attachment":[{"href":"https:\/\/www.europesays.com\/fr\/wp-json\/wp\/v2\/media?parent=371787"}],"wp:term":[{"taxonomy":"category","embeddable":true,"href":"https:\/\/www.europesays.com\/fr\/wp-json\/wp\/v2\/categories?post=371787"},{"taxonomy":"post_tag","embeddable":true,"href":"https:\/\/www.europesays.com\/fr\/wp-json\/wp\/v2\/tags?post=371787"}],"curies":[{"name":"wp","href":"https:\/\/api.w.org\/{rel}","templated":true}]}}