{"id":371793,"date":"2025-09-07T00:16:15","date_gmt":"2025-09-07T00:16:15","guid":{"rendered":"https:\/\/www.europesays.com\/fr\/371793\/"},"modified":"2025-09-07T00:16:15","modified_gmt":"2025-09-07T00:16:15","slug":"nassourdine-imavov-marque-des-points-dans-sa-quete-du-titre","status":"publish","type":"post","link":"https:\/\/www.europesays.com\/fr\/371793\/","title":{"rendered":"Nassourdine Imavov marque des points dans sa qu\u00eate du titre"},"content":{"rendered":"<p class=\"mb-4 text-lg md:leading-8 break-words\">Le Fran\u00e7ais Nassourdine Imavov a marqu\u00e9 de pr\u00e9cieux points dans sa qu\u00eate pour la ceinture des poids moyens de l&rsquo;UFC en battant le Br\u00e9silien Caio Borralho \u00e0 la d\u00e9cision unanime, samedi \u00e0 l&rsquo;Accor Arena de Paris.<\/p>\n<p class=\"mb-4 text-lg md:leading-8 break-words\">Dans une salle bouillante comme \u00e0 chaque venue de l&rsquo;UFC dans la capitale fran\u00e7aise, Imavov, plus offensif et pr\u00e9cis \u00e0 d\u00e9faut d&rsquo;\u00eatre spectaculaire, a fait parler sa puissance et son endurance pour \u00e9puiser le Br\u00e9silien.<\/p>\n<p class=\"mb-4 text-lg md:leading-8 break-words\">Le combattant de 29 ans, class\u00e9 challenger N.2 avant le combat, restait sur une victoire retentissante en f\u00e9vrier dernier par KO contre la l\u00e9gende Israel Adesanya, et se devait de confirmer contre Borralho, N.7 de la cat\u00e9gorie avec le vent en poupe.<\/p>\n<p class=\"mb-4 text-lg md:leading-8 break-words\">Mais en plus de devoir contrer son adversaire, connu pour sa vitesse de d\u00e9placement et invaincu depuis pr\u00e8s de dix ans, le Fran\u00e7ais a d\u00fb faire face \u00e0 une difficult\u00e9 impr\u00e9vue lorsqu&rsquo;il s&rsquo;est bless\u00e9 au pied au cours du combat.<\/p>\n<p class=\"mb-4 text-lg md:leading-8 break-words\">\u00ab\u00a0Vu l&rsquo;\u00e9tat dans lequel j&rsquo;ai combattu, je suis tr\u00e8s satisfait. J&rsquo;ai un tendon de mon talon qui a l\u00e2ch\u00e9, je ne sais pas du tout ce que c&rsquo;est mais j&rsquo;ai tr\u00e8s mal\u00a0\u00bb, a-t-il expliqu\u00e9. \u00ab\u00a0J&rsquo;aurais aim\u00e9 gagner avant la limite mais ce n&rsquo;est pas grave.\u00a0\u00bb<\/p>\n<p class=\"mb-4 text-lg md:leading-8 break-words\">Apr\u00e8s cette cinqui\u00e8me victoire de rang contre un membre du Top 10, le natif du Daghestan s&rsquo;impose donc comme un pr\u00e9tendant naturel et l\u00e9gitime \u00e0 un combat pour la ceinture de la division, actuellement en possession de Khamzat Chimaev.<\/p>\n<p class=\"mb-4 text-lg md:leading-8 break-words\">\u00ab\u00a0I am next, Dana\u00a0\u00bb, (\u00ab\u00a0Je suis le prochain, Dana\u00a0\u00bb, NDLR), a ainsi lanc\u00e9 Imavov dans l&rsquo;octogone dans un message adress\u00e9 \u00e0 Dana White, le tout-puissant pr\u00e9sident de l&rsquo;UFC.<\/p>\n<p class=\"mb-4 text-lg md:leading-8 break-words\">Mais comme souvent dans la ligue am\u00e9ricaine, le r\u00e9sultat ne suffit pas toujours pour obtenir sa chance, et le Fran\u00e7ais pourrait se faire doubler par le vainqueur du choc entre Reinier de Ridder (N.4) et Anthony Hernandez (N.6) le 18 octobre prochain si le combat produit un r\u00e9sultat spectaculaire.<\/p>\n<p class=\"mb-4 text-lg md:leading-8 break-words\">&#8211; France-Br\u00e9sil &#8211;<\/p>\n<p class=\"mb-4 text-lg md:leading-8 break-words\">Entr\u00e9 en sc\u00e8ne peu apr\u00e8s minuit, Imavov a en tout cas clos de belle mani\u00e8re la soir\u00e9e parisienne, qui avait cette ann\u00e9e des airs de France-Br\u00e9sil.<\/p>\n<p class=\"mb-4 text-lg md:leading-8 break-words\">Quelques instants plus t\u00f4t, Benoit Saint Denis l&rsquo;avait \u00e9galement emport\u00e9 contre un Auriverde, Mauricio Ruffy, annonc\u00e9 comme favori malgr\u00e9 un classement inf\u00e9rieur.<\/p>\n<p class=\"mb-4 text-lg md:leading-8 break-words\">Un an apr\u00e8s la d\u00e9molition subie dans la capitale, \u00ab\u00a0BSD\u00a0\u00bb s&rsquo;est impos\u00e9 avec la mani\u00e8re, poussant son adversaire \u00e0 l&rsquo;abandon au cours du deuxi\u00e8me round apr\u00e8s un \u00e9tranglement arri\u00e8re. <\/p>\n<p class=\"mb-4 text-lg md:leading-8 break-words\">Tr\u00e8s appliqu\u00e9, le Fran\u00e7ais, N.13 de la cat\u00e9gorie des poids l\u00e9gers, avait d\u00e9j\u00e0 largement domin\u00e9 la premi\u00e8re reprise et a donn\u00e9 l&rsquo;impression d&rsquo;ex\u00e9cuter la tactique pr\u00e9vue \u00e0 la perfection.<\/p>\n<p class=\"mb-4 text-lg md:leading-8 break-words\">Saint Denis restait sur un succ\u00e8s face au Canadien Kyle Prepolec au mois de mai, qui avait suivi deux d\u00e9faites dont une cinglante contre Renato Moicano en septembre 2024 lors de la pr\u00e9c\u00e9dente \u00e9dition de l&rsquo;UFC Paris, qu&rsquo;il avait termin\u00e9e d\u00e9figur\u00e9 et les paupi\u00e8res en sang.<\/p>\n<p class=\"mb-4 text-lg md:leading-8 break-words\">Depuis, le Fran\u00e7ais a chang\u00e9 d&rsquo;entourage et s&rsquo;est tourn\u00e9 vers Nicolas Ott, entra\u00eeneur devenu incontournable dans le MMA fran\u00e7ais et \u00e9galement coach d&rsquo;Imavov.<\/p>\n<p class=\"mb-4 text-lg md:leading-8 break-words\">\u00ab\u00a0J&rsquo;ai \u00e9t\u00e9 tr\u00e8s bien entour\u00e9 et encadr\u00e9, c&rsquo;est ce qui a fait que j&rsquo;ai pu \u00eatre le soldat que je suis dans la cage\u00a0\u00bb, s&rsquo;est f\u00e9licit\u00e9 le combattant de 29 ans,<\/p>\n<p class=\"mb-4 text-lg md:leading-8 break-words\">Premier Fran\u00e7ais de la soir\u00e9e \u00e0 entrer dans la cage, Oumar Sy avait montr\u00e9 la voie avec un succ\u00e8s impressionnant par KO technique contre Brendson Ribeiro avant la fin du premier round.<\/p>\n<p class=\"mb-4 text-lg md:leading-8 break-words\">dif\/<\/p>\n","protected":false},"excerpt":{"rendered":"Le Fran\u00e7ais Nassourdine Imavov a marqu\u00e9 de pr\u00e9cieux points dans sa qu\u00eate pour la ceinture des poids moyens&hellip;\n","protected":false},"author":2,"featured_media":371794,"comment_status":"","ping_status":"","sticky":false,"template":"","format":"standard","meta":{"footnotes":""},"categories":[1888],"tags":[1111,1928,11,1927,50583,50552,23880,1777,674,1011,27,24558,23882,12,1926,626,1925,25,50582],"class_list":{"0":"post-371793","1":"post","2":"type-post","3":"status-publish","4":"format-standard","5":"has-post-thumbnail","7":"category-paris","8":"tag-actu","9":"tag-actu-paris","10":"tag-actualites","11":"tag-actualites-paris","12":"tag-borralho","13":"tag-caio-borralho","14":"tag-dana-white","15":"tag-eu","16":"tag-europe","17":"tag-fr","18":"tag-france","19":"tag-le-francais","20":"tag-nassourdine-imavov","21":"tag-news","22":"tag-news-paris","23":"tag-paris","24":"tag-paris-news","25":"tag-republique-francaise","26":"tag-vitesse-de-deplacement"},"share_on_mastodon":{"url":"https:\/\/pubeurope.com\/@fr\/115160139891185435","error":""},"_links":{"self":[{"href":"https:\/\/www.europesays.com\/fr\/wp-json\/wp\/v2\/posts\/371793","targetHints":{"allow":["GET"]}}],"collection":[{"href":"https:\/\/www.europesays.com\/fr\/wp-json\/wp\/v2\/posts"}],"about":[{"href":"https:\/\/www.europesays.com\/fr\/wp-json\/wp\/v2\/types\/post"}],"author":[{"embeddable":true,"href":"https:\/\/www.europesays.com\/fr\/wp-json\/wp\/v2\/users\/2"}],"replies":[{"embeddable":true,"href":"https:\/\/www.europesays.com\/fr\/wp-json\/wp\/v2\/comments?post=371793"}],"version-history":[{"count":0,"href":"https:\/\/www.europesays.com\/fr\/wp-json\/wp\/v2\/posts\/371793\/revisions"}],"wp:featuredmedia":[{"embeddable":true,"href":"https:\/\/www.europesays.com\/fr\/wp-json\/wp\/v2\/media\/371794"}],"wp:attachment":[{"href":"https:\/\/www.europesays.com\/fr\/wp-json\/wp\/v2\/media?parent=371793"}],"wp:term":[{"taxonomy":"category","embeddable":true,"href":"https:\/\/www.europesays.com\/fr\/wp-json\/wp\/v2\/categories?post=371793"},{"taxonomy":"post_tag","embeddable":true,"href":"https:\/\/www.europesays.com\/fr\/wp-json\/wp\/v2\/tags?post=371793"}],"curies":[{"name":"wp","href":"https:\/\/api.w.org\/{rel}","templated":true}]}}