{"id":371799,"date":"2025-09-07T00:19:12","date_gmt":"2025-09-07T00:19:12","guid":{"rendered":"https:\/\/www.europesays.com\/fr\/371799\/"},"modified":"2025-09-07T00:19:12","modified_gmt":"2025-09-07T00:19:12","slug":"un-mort-et-plusieurs-blesses-dans-un-bombardement-russe","status":"publish","type":"post","link":"https:\/\/www.europesays.com\/fr\/371799\/","title":{"rendered":"un mort et plusieurs bless\u00e9s dans un bombardement russe"},"content":{"rendered":"<p>Un enfant de neuf ans figure parmi les bless\u00e9s, selon le gouverneur militaire r\u00e9gional Oleg Grygorov. Les forces du Kremlin occupent environ 20% du territoire ukrainiens.<\/p>\n<p class=\"fig-paragraph\">Un bombardement russe sur la\u00a0<a href=\"http:\/\/www.lefigaro.fr\/international\/on-vit-dans-l-angoisse-du-prochain-bombardement-a-soumy-en-ukraine-la-vie-sous-la-menace-des-drones-et-d-une-occupation-20250720\" data-fig-type=\"Article\" data-gtm-custom-categorie=\"navigation\" data-gtm-custom-action=\"crossclick\" data-gtm-custom-label=\"Contextuel\" data-gtm-event=\"customEventSPE\" data-fig-domain=\"LEFIGARO\" target=\"_blank\" rel=\"noopener\">r\u00e9gion ukrainienne de Soumy<\/a>\u00a0(nord-est), pr\u00e8s de la fronti\u00e8re, a fait un mort et plusieurs bless\u00e9s, ont indiqu\u00e9 les autorit\u00e9s locales samedi soir. \u00ab\u00c0 la suite d&rsquo;une attaque hostile en p\u00e9riph\u00e9rie de la localit\u00e9 de Poutvyl, une personne est morte et il y a des bless\u00e9s\u00bb, dont un enfant de neuf ans, a d\u00e9clar\u00e9 sur Telegram le gouverneur militaire r\u00e9gional Oleg Grygorov.<\/p>\n<p class=\"fig-paragraph\">Dans le Sud-Est, une attaque russe de drones samedi soir \u00e0 Zaporijjia a fait au moins 15 bless\u00e9s dont quatre ont \u00e9t\u00e9 hospitalis\u00e9s, a indiqu\u00e9 Ivan Fedorov, le chef de l&rsquo;administration militaire de cette r\u00e9gion en partie occup\u00e9e par la Russie, publiant des images d&rsquo;immeubles r\u00e9sidentiels \u00e9ventr\u00e9s.<\/p>\n<p>                                    <a class=\"fig-a11y-skip a11y-hidden\" href=\"#fig-a11y-skip-main-inarticle\"><br \/>\n        Passer la publicit\u00e9<br \/>\n    <\/a><\/p>\n<p class=\"fig-paragraph\">Les forces du Kremlin occupent au total environ 20% du territoire ukrainiens.<\/p>\n<p class=\"fig-paragraph\">Apr\u00e8s trois ans et demi d&rsquo;invasion lanc\u00e9e par la Russie, les efforts diplomatiques engag\u00e9s par Donald Trump pour mettre fin aux combats se sont enlis\u00e9s ces derni\u00e8res semaines.<\/p>\n","protected":false},"excerpt":{"rendered":"Un enfant de neuf ans figure parmi les bless\u00e9s, selon le gouverneur militaire r\u00e9gional Oleg Grygorov. Les forces&hellip;\n","protected":false},"author":2,"featured_media":371800,"comment_status":"","ping_status":"","sticky":false,"template":"","format":"standard","meta":{"footnotes":""},"categories":[1591],"tags":[11,1887,131,3482,12,1885,1886,132],"class_list":{"0":"post-371799","1":"post","2":"type-post","3":"status-publish","4":"format-standard","5":"has-post-thumbnail","7":"category-russie","8":"tag-actualites","9":"tag-federation-de-russie","10":"tag-guerre-en-ukraine","11":"tag-guerre-russie-ukraine","12":"tag-news","13":"tag-russia","14":"tag-russian-federation","15":"tag-russie"},"share_on_mastodon":{"url":"https:\/\/pubeurope.com\/@fr\/115160151802407551","error":""},"_links":{"self":[{"href":"https:\/\/www.europesays.com\/fr\/wp-json\/wp\/v2\/posts\/371799","targetHints":{"allow":["GET"]}}],"collection":[{"href":"https:\/\/www.europesays.com\/fr\/wp-json\/wp\/v2\/posts"}],"about":[{"href":"https:\/\/www.europesays.com\/fr\/wp-json\/wp\/v2\/types\/post"}],"author":[{"embeddable":true,"href":"https:\/\/www.europesays.com\/fr\/wp-json\/wp\/v2\/users\/2"}],"replies":[{"embeddable":true,"href":"https:\/\/www.europesays.com\/fr\/wp-json\/wp\/v2\/comments?post=371799"}],"version-history":[{"count":0,"href":"https:\/\/www.europesays.com\/fr\/wp-json\/wp\/v2\/posts\/371799\/revisions"}],"wp:featuredmedia":[{"embeddable":true,"href":"https:\/\/www.europesays.com\/fr\/wp-json\/wp\/v2\/media\/371800"}],"wp:attachment":[{"href":"https:\/\/www.europesays.com\/fr\/wp-json\/wp\/v2\/media?parent=371799"}],"wp:term":[{"taxonomy":"category","embeddable":true,"href":"https:\/\/www.europesays.com\/fr\/wp-json\/wp\/v2\/categories?post=371799"},{"taxonomy":"post_tag","embeddable":true,"href":"https:\/\/www.europesays.com\/fr\/wp-json\/wp\/v2\/tags?post=371799"}],"curies":[{"name":"wp","href":"https:\/\/api.w.org\/{rel}","templated":true}]}}