{"id":371803,"date":"2025-09-07T00:21:11","date_gmt":"2025-09-07T00:21:11","guid":{"rendered":"https:\/\/www.europesays.com\/fr\/371803\/"},"modified":"2025-09-07T00:21:11","modified_gmt":"2025-09-07T00:21:11","slug":"resume-etats-unis-coree-du-sud-en-video-0-2-la-coree-corrige-les-usa","status":"publish","type":"post","link":"https:\/\/www.europesays.com\/fr\/371803\/","title":{"rendered":"R\u00e9sum\u00e9 Etats-Unis\/Cor\u00e9e du Sud en vid\u00e9o (0-2), la Cor\u00e9e corrige les USA!"},"content":{"rendered":"<p><b><strong>Retrouvez le r\u00e9sum\u00e9 de Etats-Unis\/Cor\u00e9e du Sud avec les buts de Son Heung-Min et Lee Dong-gyeong. Dans le cadre d\u2019un match amical, la Cor\u00e9e du Sud \u00e9tait \u00e0 la Red Bull Arena de Harrison ce samedi afin d\u2019affronter les Etats-Unis . Un match qui concernait 1 joueur du Paris Saint-Germain, c\u00f4t\u00e9 cor\u00e9en : Lee Kang-In (milieu offensif\/ailier de 24 ans). Il \u00e9tait rempla\u00e7ant lors de la victoire des Cor\u00e9ens 0-2.<\/strong><\/b><\/p>\n<p>Le but de Etats-Unis\/Cor\u00e9e du Sud en vid\u00e9o<\/p>\n<p>Revivez les meilleurs moments et le but de ce Etats-Unis\/Cor\u00e9e du Sud (<strong>Son Heung-Min 18e et Lee Dong-gyeong 43e<\/strong>) avec ce r\u00e9sum\u00e9 vid\u00e9o :<\/p>\n<p>\t\t\t\t\t\t\t\t\t\t\t\t\t\t\t\t\t\t\t\t\t\t\t<img loading=\"lazy\" src=\"https:\/\/www.europesays.com\/fr\/wp-content\/uploads\/2025\/04\/ParisFans_Logo.png\" decoding=\"async\" class=\"lazyload\" width=\"240\" height=\"54\" data-eio-rwidth=\"240\" data-eio-rheight=\"54\"\/><\/p>\n","protected":false},"excerpt":{"rendered":"Retrouvez le r\u00e9sum\u00e9 de Etats-Unis\/Cor\u00e9e du Sud avec les buts de Son Heung-Min et Lee Dong-gyeong. Dans le&hellip;\n","protected":false},"author":2,"featured_media":371804,"comment_status":"","ping_status":"","sticky":false,"template":"","format":"standard","meta":{"footnotes":""},"categories":[1589],"tags":[11,73,50584,1866,12,31657,1864,1865,1863,308],"class_list":{"0":"post-371803","1":"post","2":"type-post","3":"status-publish","4":"format-standard","5":"has-post-thumbnail","7":"category-etats-unis","8":"tag-actualites","9":"tag-etats-unis","10":"tag-etats-unis-coree-du-sud","11":"tag-etats-unis-damerique","12":"tag-news","13":"tag-resume-video","14":"tag-united-states","15":"tag-united-states-of-america","16":"tag-us","17":"tag-usa"},"share_on_mastodon":{"url":"https:\/\/pubeurope.com\/@fr\/115160159924132117","error":""},"_links":{"self":[{"href":"https:\/\/www.europesays.com\/fr\/wp-json\/wp\/v2\/posts\/371803","targetHints":{"allow":["GET"]}}],"collection":[{"href":"https:\/\/www.europesays.com\/fr\/wp-json\/wp\/v2\/posts"}],"about":[{"href":"https:\/\/www.europesays.com\/fr\/wp-json\/wp\/v2\/types\/post"}],"author":[{"embeddable":true,"href":"https:\/\/www.europesays.com\/fr\/wp-json\/wp\/v2\/users\/2"}],"replies":[{"embeddable":true,"href":"https:\/\/www.europesays.com\/fr\/wp-json\/wp\/v2\/comments?post=371803"}],"version-history":[{"count":0,"href":"https:\/\/www.europesays.com\/fr\/wp-json\/wp\/v2\/posts\/371803\/revisions"}],"wp:featuredmedia":[{"embeddable":true,"href":"https:\/\/www.europesays.com\/fr\/wp-json\/wp\/v2\/media\/371804"}],"wp:attachment":[{"href":"https:\/\/www.europesays.com\/fr\/wp-json\/wp\/v2\/media?parent=371803"}],"wp:term":[{"taxonomy":"category","embeddable":true,"href":"https:\/\/www.europesays.com\/fr\/wp-json\/wp\/v2\/categories?post=371803"},{"taxonomy":"post_tag","embeddable":true,"href":"https:\/\/www.europesays.com\/fr\/wp-json\/wp\/v2\/tags?post=371803"}],"curies":[{"name":"wp","href":"https:\/\/api.w.org\/{rel}","templated":true}]}}