{"id":371805,"date":"2025-09-07T00:22:15","date_gmt":"2025-09-07T00:22:15","guid":{"rendered":"https:\/\/www.europesays.com\/fr\/371805\/"},"modified":"2025-09-07T00:22:15","modified_gmt":"2025-09-07T00:22:15","slug":"avec-son-nouveau-superordinateur-isambard-le-royaume-uni-veut-peser-dans-le-monde-de-lia","status":"publish","type":"post","link":"https:\/\/www.europesays.com\/fr\/371805\/","title":{"rendered":"Avec son nouveau superordinateur Isambard, le Royaume-Uni veut peser dans le monde de l\u2019IA"},"content":{"rendered":"<p>Depuis cet \u00e9t\u00e9, une nouvelle machine ronronne dans les locaux de l&rsquo;universit\u00e9 de Bristol. Isambard AI, le <a href=\"https:\/\/www.latribune.fr\/technos-medias\/informatique\/informatique-des-suppressions-d-emplois-et-beaucoup-d-ia-la-recette-d-atos-pour-se-relancer-1024936.html\" target=\"_blank\" rel=\"noopener\">superordinateur<\/a> le plus puissant du pays, y est g\u00e9r\u00e9 par les \u00e9quipes de l&rsquo;universit\u00e9 et mis \u00e0 disposition des start-up et des chercheurs britanniques. Ce superordinateur de classe mondiale, dont la construction a co\u00fbt\u00e9 225\u00a0millions de livres sterling (260 millions d&rsquo;euros), constitue une pi\u00e8ce essentielle de la strat\u00e9gie du Royaume-Uni sur l&rsquo;intelligence artificielle.<\/p>\n<p>La gen\u00e8se d&rsquo;Isambard remonte \u00e0 l&rsquo;\u00e9t\u00e9 2023. Le Premier ministre de l&rsquo;\u00e9poque, Rishi Sunak, qui souhaite mener une politique technophile, constate que, dans un monde marqu\u00e9 par l&rsquo;essor de ChatGPT et de l&rsquo;IA g\u00e9n\u00e9rative, le pays manque d&rsquo;infrastructures modernes pour permettre le d\u00e9ploiement de l&rsquo;intelligence artificielle. Il lance dans la foul\u00e9e la construction d&rsquo;Isambard, qui aura pris un peu moins de deux ans\u00a0: une belle performance, la mise en \u0153uvre d&rsquo;une telle machine n\u00e9cessitant d&rsquo;ordinaire cinq ans environ. Keir Starmer, l&rsquo;actuel Premier ministre, a poursuivi et m\u00eame <a href=\"https:\/\/www.latribune.fr\/economie\/international\/quantique-ia-cybersecurite-le-gouvernement-travailliste-britannique-deroule-une-politique-tres-technophile-1029220.html\" target=\"_blank\" rel=\"noopener\">acc\u00e9l\u00e9r\u00e9<\/a> la politique technophile de son pr\u00e9d\u00e9cesseur, d\u00e9bloquant notamment deux milliards de livres suppl\u00e9mentaires pour l&rsquo;investissement dans l&rsquo;IA, dont 750\u00a0millions de livres pour un second superordinateur \u00e0 \u00c9dimbourg.<\/p>\n","protected":false},"excerpt":{"rendered":"Depuis cet \u00e9t\u00e9, une nouvelle machine ronronne dans les locaux de l&rsquo;universit\u00e9 de Bristol. Isambard AI, le superordinateur&hellip;\n","protected":false},"author":2,"featured_media":371806,"comment_status":"","ping_status":"","sticky":false,"template":"","format":"standard","meta":{"footnotes":""},"categories":[1588],"tags":[17,11,3396,1777,674,39916,12,4565,473,1853,3711,22123,1807,1851,1850,1852,9870],"class_list":{"0":"post-371805","1":"post","2":"type-post","3":"status-publish","4":"format-standard","5":"has-post-thumbnail","7":"category-royaume-uni","8":"tag-17","9":"tag-actualites","10":"tag-avec","11":"tag-eu","12":"tag-europe","13":"tag-isambard","14":"tag-news","15":"tag-nouveau","16":"tag-royaume-uni","17":"tag-royaume-uni-de-grande-bretagne-et-dirlande-du-nord","18":"tag-son","19":"tag-superordinateur","20":"tag-technos-medias","21":"tag-uk","22":"tag-united-kingdom","23":"tag-united-kingdom-of-great-britain-and-northern-ireland","24":"tag-veut"},"share_on_mastodon":{"url":"https:\/\/pubeurope.com\/@fr\/115160163543010546","error":""},"_links":{"self":[{"href":"https:\/\/www.europesays.com\/fr\/wp-json\/wp\/v2\/posts\/371805","targetHints":{"allow":["GET"]}}],"collection":[{"href":"https:\/\/www.europesays.com\/fr\/wp-json\/wp\/v2\/posts"}],"about":[{"href":"https:\/\/www.europesays.com\/fr\/wp-json\/wp\/v2\/types\/post"}],"author":[{"embeddable":true,"href":"https:\/\/www.europesays.com\/fr\/wp-json\/wp\/v2\/users\/2"}],"replies":[{"embeddable":true,"href":"https:\/\/www.europesays.com\/fr\/wp-json\/wp\/v2\/comments?post=371805"}],"version-history":[{"count":0,"href":"https:\/\/www.europesays.com\/fr\/wp-json\/wp\/v2\/posts\/371805\/revisions"}],"wp:featuredmedia":[{"embeddable":true,"href":"https:\/\/www.europesays.com\/fr\/wp-json\/wp\/v2\/media\/371806"}],"wp:attachment":[{"href":"https:\/\/www.europesays.com\/fr\/wp-json\/wp\/v2\/media?parent=371805"}],"wp:term":[{"taxonomy":"category","embeddable":true,"href":"https:\/\/www.europesays.com\/fr\/wp-json\/wp\/v2\/categories?post=371805"},{"taxonomy":"post_tag","embeddable":true,"href":"https:\/\/www.europesays.com\/fr\/wp-json\/wp\/v2\/tags?post=371805"}],"curies":[{"name":"wp","href":"https:\/\/api.w.org\/{rel}","templated":true}]}}