{"id":371810,"date":"2025-09-07T00:25:11","date_gmt":"2025-09-07T00:25:11","guid":{"rendered":"https:\/\/www.europesays.com\/fr\/371810\/"},"modified":"2025-09-07T00:25:11","modified_gmt":"2025-09-07T00:25:11","slug":"google-5-minutes-pour-comprendre-lamende-colossale-infligee-par-lunion-europeenne","status":"publish","type":"post","link":"https:\/\/www.europesays.com\/fr\/371810\/","title":{"rendered":"Google\u00a0: 5\u00a0minutes pour comprendre l\u2019amende colossale inflig\u00e9e par l\u2019Union europ\u00e9enne"},"content":{"rendered":"<p class=\"paragraph text_align_left lp-f-body-02\">Une nouvelle sanction au montant colossal. La Commission europ\u00e9enne a inflig\u00e9 vendredi <a href=\"https:\/\/www.leparisien.fr\/economie\/lue-inflige-a-google-une-amende-de-presque-3-milliards-deuros-malgre-les-menaces-de-donald-trump-05-09-2025-KHEO5PJICNAKPGFURFTU6RL4LQ.php\" target=\"_blank\" rel=\"noreferrer nofollow noopener\">une amende de 2,95 milliards d\u2019euros \u00e0 Google<\/a> pour avoir abus\u00e9 de sa position dominante dans le secteur de la publicit\u00e9 en ligne.<\/p>\n<p class=\"paragraph text_align_left lp-f-body-02\">Une d\u00e9cision que <a href=\"https:\/\/www.leparisien.fr\/high-tech\/google-ecope-dune-amende-de-deux-millions-deuros-pour-manque-dinformation-transparente-04-07-2023-JC4ZF4VIBRE3NEZ5DKUEXZTRWI.php\" target=\"_blank\" rel=\"noreferrer nofollow noopener\">le g\u00e9ant am\u00e9ricain de la tech<\/a> a aussit\u00f4t annonc\u00e9 vouloir contester et qui a \u00e9t\u00e9 vivement fustig\u00e9e par pr\u00e9sident am\u00e9ricain Trump, lequel a promis des repr\u00e9sailles.<\/p>\n<p>Qu\u2019est-ce qui est reproch\u00e9 \u00e0 Google ?<\/p>\n<p class=\"paragraph text_align_left lp-f-body-02\">La sanction \u00e9tait attendue puisque <a href=\"https:\/\/www.leparisien.fr\/high-tech\/publicites-en-ligne-google-accuse-dabus-de-position-dominante-par-bruxelles-14-06-2023-GMRBOAAFLJC5NHOLRVDDWP6Q5M.php\" target=\"_blank\" rel=\"noreferrer nofollow noopener\">la Commission, gendarme de la concurrence de l\u2019UE, enqu\u00eatait sur ce dossier depuis 2021<\/a>. Dans <a href=\"https:\/\/ec.europa.eu\/commission\/presscorner\/detail\/fr\/ip_25_1992\" target=\"_blank\" rel=\"noreferrer nofollow noopener\">sa d\u00e9cision<\/a>, elle explique que Google \u00ab a enfreint les r\u00e8gles europ\u00e9ennes en mati\u00e8re de pratiques anticoncurrentielles en faussant la concurrence dans le secteur des technologies publicitaires \u00bb.<\/p>\n<p class=\"paragraph text_align_left lp-f-body-02\">Elle reproche pr\u00e9cis\u00e9ment au groupe de Mountain View, dans la Silicon Valley, d\u2019avoir \u00ab abus\u00e9 de sa position dominante \u00bb sur le march\u00e9 des technologies publicitaires pour \u00ab favoriser ses propres services de technologie <a href=\"https:\/\/www.leparisien.fr\/economie\/publicite-en-ligne-google-condamne-a-payer-une-amende-de-220-millions-par-lautorite-francaise-de-la-concurrence-07-06-2021-5EQXJEU4FJDA3AP2WRKRH6OHXU.php\" target=\"_blank\" rel=\"noreferrer nofollow noopener\">d\u2019affichage publicitaire en ligne<\/a><b> <\/b>au d\u00e9triment des fournisseurs concurrents \u00bb. L\u2019enqu\u00eate a r\u00e9v\u00e9l\u00e9 que ces pratiques anticoncurrentielles ont d\u00e9but\u00e9 en 2014 et se poursuivraient encore aujourd\u2019hui.<\/p>\n<p class=\"paragraph text_align_left lp-f-body-02\">\u00ab Google vend la publicit\u00e9 sur ses propres sites, donc il fournit des espaces publicitaires, mais il agit aussi en tant qu\u2019interm\u00e9diaire entre les annonceurs et les \u00e9diteurs \u00bb, nous explique Me Aur\u00e9lie Dellac, avocate de la concurrence et droit europ\u00e9en. Or, \u00ab ce que la Commission lui reproche, c\u2019est d\u2019avoir fait de l\u2019auto-pr\u00e9f\u00e9rence, c\u2019est-\u00e0-dire d\u2019avoir favoris\u00e9 sa propre bourse d\u2019annonces, AdX, en lui disant \u00e0 l\u2019avance quelle offre elle devait pr\u00e9senter pour remporter l\u2019espace publicitaire, qui se fait souvent aux ench\u00e8res \u00bb, d\u00e9veloppe l\u2019avocate.<\/p>\n<p class=\"paragraph text_align_left lp-f-body-02\">De fait, les bourses d\u2019annonces publicitaires concurrentes avaient \u00ab peu de chance \u00bb. Autrement dit, \u00ab Google a pr\u00e9f\u00e9r\u00e9 ses propres solutions \u00e0 celles des concurrents, ce qui lui permettait de maintenir \u00e0 la fois une position concurrentielle importante et des frais plus \u00e9lev\u00e9s pour son service que s\u2019il y avait eu une r\u00e9elle concurrence \u00bb, note encore la sp\u00e9cialiste. Aux yeux de la Commission, \u00ab il y a conflit d\u2019int\u00e9r\u00eats, car c\u2019est non seulement anticoncurrentiel mais c\u2019est aussi un abus de sa position dominante puisqu\u2019il a fauss\u00e9 la concurrence \u00bb, appuie Me Dellac.<\/p>\n<p class=\"paragraph text_align_left lp-f-body-02\">Outre l\u2019amende, la Commission a ordonn\u00e9 \u00e0 Google de \u00ab mettre fin \u00e0 ces pratiques d\u2019auto-pr\u00e9f\u00e9rence \u00bb et de \u00ab mettre en \u0153uvre des mesures pour cesser ses conflits d\u2019int\u00e9r\u00eats inh\u00e9rents tout au long de la cha\u00eene d\u2019approvisionnement \u00bb. Le r\u00e9gulateur europ\u00e9en a laiss\u00e9 60 jours \u00e0 Google pour l\u2019informer des mesures qu\u2019il compte proposer.<\/p>\n<p>Comment est d\u00e9fini le montant de l\u2019amende ?<\/p>\n<p class=\"paragraph text_align_left lp-f-body-02\">L\u2019amende a \u00e9t\u00e9 fix\u00e9e \u00ab sur la base des <a href=\"https:\/\/eur-lex.europa.eu\/legal-content\/FR\/ALL\/?uri=CELEX%3A52006XC0901%2801%29\" target=\"_blank\" rel=\"noreferrer nofollow noopener\">lignes directrices de la Commission<\/a> pour le calcul des amendes de 2006 \u00bb, explique dans un communiqu\u00e9 le r\u00e9gulateur europ\u00e9en. Pour fixer le montant, la Commission prend diff\u00e9rents \u00e9l\u00e9ments en consid\u00e9ration, \u00ab dont la dur\u00e9e et la gravit\u00e9 de l\u2019infraction, ainsi que le chiffre d\u2019affaires \u00bb de l\u2019entreprise. En outre, la Commission explique qu\u2019elle \u00ab a tenu compte du fait que Google avait d\u00e9j\u00e0 \u00e9t\u00e9 sanctionn\u00e9 par le pass\u00e9 pour des abus de position dominante \u00bb.<\/p>\n<p class=\"paragraph text_align_left lp-f-body-02\">\u00ab D\u00e8s qu\u2019on touche aux GAFA (Google, Amazon, Facebook, Apple, NDLR), comme leur chiffre d\u2019affaires est tr\u00e8s \u00e9lev\u00e9, \u00e7a fait tout de suite des amendes tr\u00e8s \u00e9lev\u00e9es \u00bb, rel\u00e8ve Me Aur\u00e9lie Dellac, qui pr\u00e9cise que \u00ab le maximum que la Commission peut infliger \u00e0 une soci\u00e9t\u00e9, c\u2019est 10 % de son chiffre d\u2019affaires mondial \u00bb. Pour une entreprise comme Google, \u00ab c\u2019est une amende qui n\u2019est pas n\u00e9gligeable, c\u2019est quand m\u00eame dissuasif, mais le but ce n\u2019est pas non plus de la mettre en banqueroute \u00bb.<\/p>\n<p>Que r\u00e9pond Google ?<\/p>\n<p class=\"paragraph text_align_left lp-f-body-02\">Dans une d\u00e9claration \u00e0 l\u2019AFP, Google a qualifi\u00e9 la d\u00e9cision de la Commission europ\u00e9enne de \u00ab mauvaise \u00bb et a promis de \u00ab faire appel \u00bb. \u00ab Elle nous impose une amende injustifi\u00e9e, et des changements qui vont nuire \u00e0 des milliers d\u2019entreprises europ\u00e9ennes en leur compliquant la t\u00e2che pour gagner de l\u2019argent \u00bb, a d\u00e9clar\u00e9 Lee-Anne Mulholland, vice-pr\u00e9sidente de Google charg\u00e9e des affaires r\u00e9glementaires.<\/p>\n<p>Dans quel contexte intervient cette d\u00e9cision ?<\/p>\n<p class=\"paragraph text_align_left lp-f-body-02\">Cette sanction intervient dans un contexte de tensions avec les \u00c9tats-Unis et l\u2019administration Trump. Le 26 ao\u00fbt, le pr\u00e9sident am\u00e9ricain avait menac\u00e9 les pays ou organisations r\u00e9gulant le secteur de la tech de leur imposer <a href=\"https:\/\/www.leparisien.fr\/international\/etats-unis\/legalite-des-droits-de-douane-ladministration-trump-saisit-la-cour-supreme-04-09-2025-E3ODP6GONBFXXASXB5JI6IWL4A.php\" target=\"_blank\" rel=\"noreferrer nofollow noopener\">des droits de douane<\/a> et des restrictions \u00e0 l\u2019exportation.<\/p>\n<p class=\"paragraph text_align_left lp-f-body-02\"><a href=\"https:\/\/www.leparisien.fr\/international\/etats-unis\/trump-denonce-lamende-injuste-infligee-a-google-et-menace-lue-de-sanctions-05-09-2025-B52MFRGPFRH27IT7RBR7R4OJMM.php\" target=\"_blank\" rel=\"noreferrer nofollow noopener\">D\u2019o\u00f9 sa furieuse r\u00e9action et ses menaces vendredi<\/a>. Dans un message sur son r\u00e9seau Truth Social, Donald Trump a assur\u00e9 que si l\u2019UE ne revient pas sur les amendes \u00ab injustes \u00bb inflig\u00e9es \u00e0 Google, il serait \u00ab contraint \u00bb de d\u00e9clencher un m\u00e9canisme de droits de douane punitifs.<\/p>\n<p>Quelles sont les autres amendes inflig\u00e9es \u00e0 Google ?<\/p>\n<p class=\"paragraph text_align_left lp-f-body-02\">Il s\u2019agit de la troisi\u00e8me sanction majeure prononc\u00e9e contre Google en quelques jours. Le groupe a \u00e9t\u00e9 condamn\u00e9 mercredi aux \u00c9tats-Unis <a href=\"https:\/\/www.leparisien.fr\/economie\/business\/google-condamne-a-verser-425-millions-de-dollars-pour-collecte-frauduleuse-de-donnees-04-09-2025-AGVMMO53AZC4PIUYRN2TPFJA6Y.php\" target=\"_blank\" rel=\"noreferrer nofollow noopener\">\u00e0 verser 425,7 millions de dollars de dommages<\/a> \u00e0 pr\u00e8s de 100 millions d\u2019utilisateurs pour atteinte \u00e0 leur vie priv\u00e9e. Le m\u00eame jour, il a \u00e9cop\u00e9 d\u2019une amende, record en France, de 325 millions d\u2019euros inflig\u00e9e par l\u2019autorit\u00e9 fran\u00e7aise de contr\u00f4le du respect de la vie priv\u00e9e (Cnil) pour des manquements en mati\u00e8re de publicit\u00e9s et de cookies.<\/p>\n<p class=\"paragraph text_align_left lp-f-body-02\">Bruxelles lui avait de son c\u00f4t\u00e9 d\u00e9j\u00e0 inflig\u00e9 <a href=\"https:\/\/www.leparisien.fr\/high-tech\/bruxelles-inflige-une-amende-record-de-4-3-milliards-d-euros-a-google-18-07-2018-7824987.php\" target=\"_blank\" rel=\"noreferrer nofollow noopener\">une amende de 4,3 milliards d\u2019euros en 2018<\/a> pour abus de position dominante du syst\u00e8me d\u2019exploitation Android, (le montant de l\u2019amende avait \u00e9t\u00e9 ramen\u00e9 \u00e0 4,1 milliards d\u2019euros en 2022), et une autre <a href=\"https:\/\/www.leparisien.fr\/high-tech\/concurrence-google-ecope-dune-amende-de-24-milliards-deuros-confirme-la-justice-de-lue-10-11-2021-SIRDDTNIAFBIBLULWJ5A6IYSYU.php\" target=\"_blank\" rel=\"noreferrer nofollow noopener\">de 2,4 milliards d\u2019euros<\/a> en 2017 pour pratiques anticoncurrentielles sur les comparateurs de prix.<\/p>\n","protected":false},"excerpt":{"rendered":"Une nouvelle sanction au montant colossal. La Commission europ\u00e9enne a inflig\u00e9 vendredi une amende de 2,95 milliards d\u2019euros&hellip;\n","protected":false},"author":2,"featured_media":371811,"comment_status":"","ping_status":"","sticky":false,"template":"","format":"standard","meta":{"footnotes":""},"categories":[1586],"tags":[11,1777,674,1779,1011,27,142,12,25,1778,364],"class_list":{"0":"post-371810","1":"post","2":"type-post","3":"status-publish","4":"format-standard","5":"has-post-thumbnail","7":"category-europe","8":"tag-actualites","9":"tag-eu","10":"tag-europe","11":"tag-european-union","12":"tag-fr","13":"tag-france","14":"tag-high-tech","15":"tag-news","16":"tag-republique-francaise","17":"tag-ue","18":"tag-union-europeenne"},"share_on_mastodon":{"url":"https:\/\/pubeurope.com\/@fr\/115160175367130896","error":""},"_links":{"self":[{"href":"https:\/\/www.europesays.com\/fr\/wp-json\/wp\/v2\/posts\/371810","targetHints":{"allow":["GET"]}}],"collection":[{"href":"https:\/\/www.europesays.com\/fr\/wp-json\/wp\/v2\/posts"}],"about":[{"href":"https:\/\/www.europesays.com\/fr\/wp-json\/wp\/v2\/types\/post"}],"author":[{"embeddable":true,"href":"https:\/\/www.europesays.com\/fr\/wp-json\/wp\/v2\/users\/2"}],"replies":[{"embeddable":true,"href":"https:\/\/www.europesays.com\/fr\/wp-json\/wp\/v2\/comments?post=371810"}],"version-history":[{"count":0,"href":"https:\/\/www.europesays.com\/fr\/wp-json\/wp\/v2\/posts\/371810\/revisions"}],"wp:featuredmedia":[{"embeddable":true,"href":"https:\/\/www.europesays.com\/fr\/wp-json\/wp\/v2\/media\/371811"}],"wp:attachment":[{"href":"https:\/\/www.europesays.com\/fr\/wp-json\/wp\/v2\/media?parent=371810"}],"wp:term":[{"taxonomy":"category","embeddable":true,"href":"https:\/\/www.europesays.com\/fr\/wp-json\/wp\/v2\/categories?post=371810"},{"taxonomy":"post_tag","embeddable":true,"href":"https:\/\/www.europesays.com\/fr\/wp-json\/wp\/v2\/tags?post=371810"}],"curies":[{"name":"wp","href":"https:\/\/api.w.org\/{rel}","templated":true}]}}